{"id":126842,"date":"2025-10-28T21:48:07","date_gmt":"2025-10-28T21:48:07","guid":{"rendered":"https:\/\/rdnews.al\/?p=126842"},"modified":"2025-10-28T21:49:23","modified_gmt":"2025-10-28T21:49:23","slug":"lubonja-jam-me-opoziten-edhe-qenit-te-rruges-ja-jap-voten-dhe-rames-jo","status":"publish","type":"post","link":"https:\/\/rdnews.al\/index.php\/2025\/10\/28\/lubonja-jam-me-opoziten-edhe-qenit-te-rruges-ja-jap-voten-dhe-rames-jo\/","title":{"rendered":"Lubonja: Jam me opozit\u00ebn\/ &#8220;Edhe qenit t\u00eb rrug\u00ebs ja jap vot\u00ebn dhe Ram\u00ebs jo"},"content":{"rendered":"<p>Analisti Fatos Lubonja ka komentuar rezultatet e Notosondaggi n\u00eb News24, mbi p\u00eblqyeshm\u00ebrin\u00eb mes kandidat\u00ebve, Ogerta Manastirliu, Florjan Binaj dhe Arlind Qori.<img loading=\"lazy\" decoding=\"async\" src=\"https:\/\/ads.balkanweb.com\/www\/delivery\/lg.php?bannerid=0&amp;campaignid=0&amp;zoneid=426&amp;loc=https%3A%2F%2Fwww.balkanweb.com%2Fune-skam-qene-asnjehere-me-berishen-kam-qene-i-majte-por-qenit-te-rruges-ja-jap-voten-dhe-jo-rames-lubonja-mungesa-e-besimit-ndaj-qorit-pasoje-e-propagandes%2F&amp;referer=https%3A%2F%2Fwww.balkanweb.com%2F&amp;cb=c2bfb4e5ab\" alt=\"\" width=\"0\" height=\"0\" \/><\/p>\n<p>Lubonja u ndal vecan\u00ebrisht tek Arlind Qori, kandidat p\u00ebr bashkin\u00eb e Tiran\u00ebs, i cili sipas sondazhit ka nj\u00eb munges\u00eb besimi prej 63%.<\/p>\n<p>\u201cM\u00eb shqet\u00ebson kur del nj\u00eb i tret\u00eb kund\u00ebr tyre shtohet numri i atyre q\u00eb nuk kan\u00eb besim dhe te ai. 60 e ca e kishte Arlind Qori. M\u00eb duket anomali. M\u00eb duket se ky popull nuk ka besim tek k\u00ebta por nuk k\u00ebrkon besim diku tjet\u00ebr\u201d, tha Lubonja.<\/p>\n<p>Fatos Lubonja: \u00c7\u2019jan\u00eb k\u00ebta njer\u00ebz. Ku e njeh ti Arlind Qorin q\u00eb thua nuk kam besim. N\u00ebse nuk kam besim do t\u00eb thot\u00eb un\u00eb t\u00eb kam provuar, e kam provuar PD dhe PS dhe nuk kam besim. Nd\u00ebrsa p\u00ebr k\u00ebt\u00eb \u00ebsht\u00eb pak problem. Un\u00eb skam qen\u00eb asnj\u00ebher\u00eb me Berish\u00ebn. Kam qen\u00eb i majt\u00eb. Kund\u00ebr Ram\u00ebs se nuk \u00ebsht\u00eb i majt\u00eb. Jam p\u00ebr demokracin\u00eb.<\/p>\n<p>K\u00ebtu nuk ka t\u00eb majt\u00eb dhe t\u00eb djatht\u00eb. Bashkohem me \u00e7do opozit\u00eb q\u00eb k\u00ebrkon rotacion. Edhe qenit t\u00eb rrug\u00ebs kam th\u00ebn\u00eb ja jap vot\u00ebn dhe jo Edi Ram\u00ebs. Jam me \u00e7do opozit\u00eb q\u00eb k\u00ebrkon rotacion, p\u00ebr ideologji time, mendoj se meq\u00eb ka dy parti t\u00eb djathta, Shqip\u00ebria ka nevoj\u00eb p\u00ebr nj\u00eb parti q\u00eb p\u00ebrfaq\u00ebson shtresat e dob\u00ebta.<\/p>\n","protected":false},"excerpt":{"rendered":"<p>Analisti Fatos Lubonja ka komentuar rezultatet e Notosondaggi n\u00eb News24, mbi p\u00eblqyeshm\u00ebrin\u00eb mes kandidat\u00ebve, Ogerta Manastirliu, Florjan Binaj dhe Arlind Qori. Lubonja u ndal vecan\u00ebrisht tek Arlind Qori, kandidat p\u00ebr bashkin\u00eb e Tiran\u00ebs, i cili sipas sondazhit ka nj\u00eb munges\u00eb besimi prej 63%. \u201cM\u00eb shqet\u00ebson kur del nj\u00eb i tret\u00eb kund\u00ebr tyre shtohet numri i &hellip;<\/p>\n","protected":false},"author":3,"featured_media":29362,"comment_status":"closed","ping_status":"closed","sticky":false,"template":"","format":"standard","meta":{"footnotes":""},"categories":[37],"tags":[],"class_list":["post-126842","post","type-post","status-publish","format-standard","has-post-thumbnail","","category-politike"],"_links":{"self":[{"href":"https:\/\/rdnews.al\/index.php\/wp-json\/wp\/v2\/posts\/126842","targetHints":{"allow":["GET"]}}],"collection":[{"href":"https:\/\/rdnews.al\/index.php\/wp-json\/wp\/v2\/posts"}],"about":[{"href":"https:\/\/rdnews.al\/index.php\/wp-json\/wp\/v2\/types\/post"}],"author":[{"embeddable":true,"href":"https:\/\/rdnews.al\/index.php\/wp-json\/wp\/v2\/users\/3"}],"replies":[{"embeddable":true,"href":"https:\/\/rdnews.al\/index.php\/wp-json\/wp\/v2\/comments?post=126842"}],"version-history":[{"count":2,"href":"https:\/\/rdnews.al\/index.php\/wp-json\/wp\/v2\/posts\/126842\/revisions"}],"predecessor-version":[{"id":126845,"href":"https:\/\/rdnews.al\/index.php\/wp-json\/wp\/v2\/posts\/126842\/revisions\/126845"}],"wp:featuredmedia":[{"embeddable":true,"href":"https:\/\/rdnews.al\/index.php\/wp-json\/wp\/v2\/media\/29362"}],"wp:attachment":[{"href":"https:\/\/rdnews.al\/index.php\/wp-json\/wp\/v2\/media?parent=126842"}],"wp:term":[{"taxonomy":"category","embeddable":true,"href":"https:\/\/rdnews.al\/index.php\/wp-json\/wp\/v2\/categories?post=126842"},{"taxonomy":"post_tag","embeddable":true,"href":"https:\/\/rdnews.al\/index.php\/wp-json\/wp\/v2\/tags?post=126842"}],"curies":[{"name":"wp","href":"https:\/\/api.w.org\/{rel}","templated":true}]}}