{"id":126868,"date":"2025-10-29T11:01:55","date_gmt":"2025-10-29T11:01:55","guid":{"rendered":"https:\/\/rdnews.al\/?p=126868"},"modified":"2025-10-29T11:01:55","modified_gmt":"2025-10-29T11:01:55","slug":"bardhi-balluku-nen-hetim-per-miliona-euro-shkelje-ne-tendera-vijon-te-jete-numri-dy-i-qeverise","status":"publish","type":"post","link":"https:\/\/rdnews.al\/index.php\/2025\/10\/29\/bardhi-balluku-nen-hetim-per-miliona-euro-shkelje-ne-tendera-vijon-te-jete-numri-dy-i-qeverise\/","title":{"rendered":"Bardhi: Balluku n\u00ebn hetim p\u00ebr miliona euro shkelje n\u00eb tendera, vijon t\u00eb jet\u00eb numri dy i qeveris\u00eb!"},"content":{"rendered":"<p>Kreu i Grupit Parlamentar t\u00eb PD, Gazment Bardhi, ka deklaruar se, z\u00ebvend\u00ebs kryeministrja Belinda Balluku vijon t\u00eb mbetet numri 2 i qeveris\u00eb \u201cRama\u201d edhe pse \u00ebsht\u00eb zyrtarisht person n\u00ebn hetim nga SPAK p\u00ebr shkelje t\u00eb barazis\u00eb n\u00eb tendera.<\/p>\n<p>N\u00eb vijim t\u00eb Takimit t\u00eb 20-t\u00eb t\u00eb Komitetit Parlamentar t\u00eb Stabilizim-Asociimit Shqip\u00ebri \u2013 Bashkimi Europian, ku po zhvillohen punimet e Sesionit t\u00eb II-t\u00eb, Bardhi ka kujtuar edhe takimet n\u00eb Aruba dhe lidhjet e krimit me mazhoranc\u00ebn n\u00eb pushtet.<\/p>\n<p>\u201cN\u00eb 23 shtator nj\u00eb investigim i media italiane p\u00ebrshkruan takime t\u00eb fshehta n\u00eb ishullin Aruba ku sipas dokumenteve t\u00eb antimafias italiane kan\u00eb marr\u00eb pjes\u00eb biznesmen\u00eb, eksponent\u00eb t\u00eb krimit dhe p\u00ebrfaq\u00ebsues t\u00eb qeveris\u00eb shqiptare. \u00cbsht\u00eb folur n\u00eb lidhje me nd\u00ebrtimin e kullave n\u00eb Tiran\u00eb dhe nd\u00ebrtime strategjike.<\/p>\n<p>N\u00eb qend\u00ebr t\u00eb lidhjes s\u00eb krimit t\u00eb organizuar me qeverin\u00eb ishte Artur Shehu. N\u00eb 2022, vet\u00ebm 2 vite pas takimit n\u00eb Aruba, rezulton se n\u00eb Shqip\u00ebri kompania e tij ka marr\u00eb me firm\u00ebn t\u00eb Ram\u00ebs disa leje nd\u00ebrtimi n\u00eb Vlor\u00eb.<\/p>\n<p>Sot qeveria shqiptare ka nr. 2 t\u00eb saj, zv kryeministrja Belinda Balluku nj\u00eb person n\u00ebn hetim p\u00ebr milion\u00eb euro shkelje t\u00eb barazis\u00eb n\u00eb tendera. Edhe pse \u00ebsht\u00eb n\u00ebn hetim vijon t\u00eb jet\u00eb n\u00eb krah\u00eb t\u00eb Ram\u00ebs dhe numri 2 i qeveris\u00eb\u201d,\u00a0tha ai.<\/p>\n","protected":false},"excerpt":{"rendered":"<p>Kreu i Grupit Parlamentar t\u00eb PD, Gazment Bardhi, ka deklaruar se, z\u00ebvend\u00ebs kryeministrja Belinda Balluku vijon t\u00eb mbetet numri 2 i qeveris\u00eb \u201cRama\u201d edhe pse \u00ebsht\u00eb zyrtarisht person n\u00ebn hetim nga SPAK p\u00ebr shkelje t\u00eb barazis\u00eb n\u00eb tendera. N\u00eb vijim t\u00eb Takimit t\u00eb 20-t\u00eb t\u00eb Komitetit Parlamentar t\u00eb Stabilizim-Asociimit Shqip\u00ebri \u2013 Bashkimi Europian, ku po &hellip;<\/p>\n","protected":false},"author":4,"featured_media":126525,"comment_status":"closed","ping_status":"closed","sticky":false,"template":"","format":"standard","meta":{"footnotes":""},"categories":[37],"tags":[],"class_list":["post-126868","post","type-post","status-publish","format-standard","has-post-thumbnail","","category-politike"],"_links":{"self":[{"href":"https:\/\/rdnews.al\/index.php\/wp-json\/wp\/v2\/posts\/126868","targetHints":{"allow":["GET"]}}],"collection":[{"href":"https:\/\/rdnews.al\/index.php\/wp-json\/wp\/v2\/posts"}],"about":[{"href":"https:\/\/rdnews.al\/index.php\/wp-json\/wp\/v2\/types\/post"}],"author":[{"embeddable":true,"href":"https:\/\/rdnews.al\/index.php\/wp-json\/wp\/v2\/users\/4"}],"replies":[{"embeddable":true,"href":"https:\/\/rdnews.al\/index.php\/wp-json\/wp\/v2\/comments?post=126868"}],"version-history":[{"count":1,"href":"https:\/\/rdnews.al\/index.php\/wp-json\/wp\/v2\/posts\/126868\/revisions"}],"predecessor-version":[{"id":126869,"href":"https:\/\/rdnews.al\/index.php\/wp-json\/wp\/v2\/posts\/126868\/revisions\/126869"}],"wp:featuredmedia":[{"embeddable":true,"href":"https:\/\/rdnews.al\/index.php\/wp-json\/wp\/v2\/media\/126525"}],"wp:attachment":[{"href":"https:\/\/rdnews.al\/index.php\/wp-json\/wp\/v2\/media?parent=126868"}],"wp:term":[{"taxonomy":"category","embeddable":true,"href":"https:\/\/rdnews.al\/index.php\/wp-json\/wp\/v2\/categories?post=126868"},{"taxonomy":"post_tag","embeddable":true,"href":"https:\/\/rdnews.al\/index.php\/wp-json\/wp\/v2\/tags?post=126868"}],"curies":[{"name":"wp","href":"https:\/\/api.w.org\/{rel}","templated":true}]}}