{"id":126902,"date":"2025-10-29T13:26:39","date_gmt":"2025-10-29T13:26:39","guid":{"rendered":"https:\/\/rdnews.al\/?p=126902"},"modified":"2025-10-29T13:26:39","modified_gmt":"2025-10-29T13:26:39","slug":"berisha-ne-duhet-tu-themi-shqiptareve-se-kete-katastrofe-e-beri-edi-rama-me-padrinon-e-tij-xhorxh-soros","status":"publish","type":"post","link":"https:\/\/rdnews.al\/index.php\/2025\/10\/29\/berisha-ne-duhet-tu-themi-shqiptareve-se-kete-katastrofe-e-beri-edi-rama-me-padrinon-e-tij-xhorxh-soros\/","title":{"rendered":"Berisha: Ne duhet t\u2019u themi shqiptar\u00ebve se k\u00ebt\u00eb katastrof\u00eb e b\u00ebri Edi Rama me padrinon e tij, Xhorxh Soros"},"content":{"rendered":"<p>Kryetari i PD, Sali Berisha, n\u00eb mbledhjen e grupit parlamentar, akuzoi kryeministrin Edi Rama dhe\u00a0Xhorxh Soros si p\u00ebrgjegj\u00ebs p\u00ebr \u201ckatastrof\u00ebn\u201d n\u00eb sistemin e drejt\u00ebsis\u00eb shqiptare.<br \/>\nBerisha theksoi se, reforma n\u00eb drejt\u00ebsi, q\u00eb sipas tij \u00ebsht\u00eb shnd\u00ebrruar n\u00eb nj\u00eb mekaniz\u00ebm politik p\u00ebr kontrollin e institucioneve, ka \u00e7uar vendin n\u00eb nj\u00eb kolaps t\u00eb plot\u00eb ligjor, ku qytetar\u00ebt presin me vite p\u00ebr zbardhjen e vendimeve gjyq\u00ebsore dhe ku prokuroria \u00ebsht\u00eb \u201ce paralizuar dhe pa kompetenca reale\u201d.<br \/>\n\u201cTani, kjo \u00ebsht\u00eb situata.<br \/>\nNe b\u00ebm\u00eb t\u00eb pamundur\u00ebn q\u00eb shqiptar\u00ebt t\u00eb marrin vesh.<br \/>\nNes\u00ebr jan\u00eb dy institucione t\u00eb tjera, KLGJ dhe KLP.<br \/>\nUn\u00eb vler\u00ebsoj, edhe nj\u00ebher\u00eb, ato diskutime q\u00eb b\u00ebn\u00eb para jush n\u00eb komisione, duke paraqitur jo fshehur realitetin, por duke d\u00ebshmuar se \u00ebsht\u00eb nj\u00eb katastrof\u00eb, se ishte 16 vite dhe tani \u00ebsht\u00eb 16 dit\u00eb m\u00eb pak.<br \/>\nA e kuptoni q\u00eb ne jemi deputet\u00eb t\u00eb nj\u00eb vendi ku njeriu q\u00eb merr nj\u00eb d\u00ebnim, q\u00eb mund t\u00eb jet\u00eb d\u00ebnim i padrejt\u00eb, duhet t\u00eb pres\u00eb 1200 dit\u00eb p\u00ebr t\u00eb marr\u00eb zbardhjen e vendimit?<br \/>\nA mund t\u00eb pranohet nj\u00eb situat\u00eb e till\u00eb?<br \/>\nPo pse kjo?<br \/>\nSepse e than\u00eb vet\u00eb ata, ka gjykat\u00ebs me 1 mij\u00eb vendime.<br \/>\nShkoni n\u00eb burgje, shihini njer\u00ebz aty, me qindra, nuk kan\u00eb marr\u00eb vendimin, rrin\u00eb aty.<br \/>\nProkurori i P\u00ebrgjithsh\u00ebm, i cili duhet t\u00eb jet\u00eb kryesori n\u00eb zbatimin e ligjshm\u00ebris\u00eb s\u00eb vendit, \u00ebsht\u00eb kukull. Un\u00eb nuk e mbroj at\u00eb, i dini ju q\u00ebndrimet e mia ndaj tij, por ama ia kan\u00eb hequr kompetencat.<br \/>\nKy tjetri thot\u00eb e arrestuan, keq ishte ajo q\u00eb b\u00ebn\u00eb, por kush t\u00eb pengoi ty t\u00eb hap\u00ebsh \u00e7\u00ebshtje penale p\u00ebr at\u00eb q\u00eb i b\u00ebn\u00eb Ilir Met\u00ebs?<br \/>\n\u00cbsht\u00eb ish-president ai. \u00cbsht\u00eb nga ata student\u00eb q\u00eb n\u00eb vitin 1990 k\u00ebrkoi publikisht pluralizmin. Ka qen\u00eb kryeminist\u00ebr, kryetar parlamenti.<br \/>\n\u00c7far\u00eb pengese kishe ti t\u00eb v\u00ebsh para ligjit ata?<br \/>\n\u00c7far\u00eb pengese kan\u00eb p\u00ebr prokurorin q\u00eb arrestoi avokatin n\u00eb sall\u00ebn e gjyqit.<br \/>\nNuk mbaj mend n\u00eb diktatur\u00eb t\u00eb ishte arrestuar n\u00eb sall\u00eb gjyqi, nuk kisha d\u00ebgjuar ndonj\u00ebher\u00eb.<br \/>\nDhe rrin\u00eb dhe shohin nj\u00ebri-tjetrin.<br \/>\nPrandaj dhe k\u00ebto diskutime me seriozitetin m\u00eb t\u00eb madh duhet t\u2019u themi shqiptar\u00ebve se k\u00ebt\u00eb katastrof\u00eb e b\u00ebri Edi Rama me padrinon e tij Xhorxh Soros dhe netuorket e veta. Se kjo \u00ebsht\u00eb e v\u00ebrteta.<br \/>\nNatyrisht \u00ebsht\u00eb tmerr\u00ebsisht e dhimbshme, \u00ebsht\u00eb dramatike. Vendi jeton me statistikat e Troplinit dhe koka turku q\u00eb n\u00eb trash\u00ebgimin\u00eb 500-vje\u00e7are.<br \/>\nPo k\u00ebto jan\u00eb t\u00eb v\u00ebrteta.<br \/>\nU pa se \u00e7far\u00eb urrejtje shp\u00ebrtheu kur n\u00eb m\u00ebnyr\u00ebn m\u00eb t\u00eb d\u00ebnueshme u ekzekutua n\u00eb sall\u00ebn e gjyqit gjykat\u00ebsi, \u00e7far\u00eb urrejtje shp\u00ebrtheu kund\u00ebr drejt\u00ebsis\u00eb.<br \/>\nAta jan\u00eb viktima t\u00eb k\u00ebsaj reforme.<br \/>\nUa them un\u00eb se duhet t\u2019i shohim si\u00e7 duhet.<br \/>\nAta jan\u00eb aktor\u00eb, por edhe viktima t\u00eb k\u00ebsaj reforme.<br \/>\nSe t\u00eb shoh\u00ebsh nj\u00eb shp\u00ebrthim t\u00eb atill\u00eb, nuk kisha par\u00eb ndonj\u00ebher\u00eb.<br \/>\nNdaj dhe nj\u00eb mazhoranc\u00eb krimi q\u00eb ulte kok\u00ebn aty, as nuk e mbronte dot se nuk kishin si ta mbronin se kishin dosjet e veta.<br \/>\nU p\u00ebrpoq\u00ebn t\u00eb na pengojn\u00eb, por d\u00ebshtuan edhe n\u00eb at\u00eb p\u00ebrpjekje.<br \/>\nNdaj dhe ne duhet t\u00eb q\u00ebndrojm\u00eb t\u00eb vendosur t\u00eb b\u00ebjm\u00eb transparenc\u00eb, t\u2019u themi shqiptar\u00ebve se kjo \u00ebsht\u00eb dhurata e Edi Ram\u00ebs dhe Xhorxh Sorosit. Dhe atyre q\u00eb i mb\u00ebshtet\u00ebn, nuk jan\u00eb pak ata.<br \/>\nDhe p\u00ebrpiqen ta mbulojn\u00eb tani me shpifje t\u00eb ul\u00ebta ndaj opozit\u00ebs, ndaj idealeve t\u00eb saj, ndaj programeve t\u00eb saj.<br \/>\nPor e v\u00ebrteta \u00ebsht\u00eb se opozita ka qen\u00eb dhe mbetet e vendosur n\u00eb lirit\u00eb dhe t\u00eb drejtat te individit, shtetin ligjor dhe integrimin e vendit n\u00eb BE\u201d, u shpreh Berisha.<\/p>\n","protected":false},"excerpt":{"rendered":"<p>Kryetari i PD, Sali Berisha, n\u00eb mbledhjen e grupit parlamentar, akuzoi kryeministrin Edi Rama dhe\u00a0Xhorxh Soros si p\u00ebrgjegj\u00ebs p\u00ebr \u201ckatastrof\u00ebn\u201d n\u00eb sistemin e drejt\u00ebsis\u00eb shqiptare. Berisha theksoi se, reforma n\u00eb drejt\u00ebsi, q\u00eb sipas tij \u00ebsht\u00eb shnd\u00ebrruar n\u00eb nj\u00eb mekaniz\u00ebm politik p\u00ebr kontrollin e institucioneve, ka \u00e7uar vendin n\u00eb nj\u00eb kolaps t\u00eb plot\u00eb ligjor, ku qytetar\u00ebt &hellip;<\/p>\n","protected":false},"author":4,"featured_media":126903,"comment_status":"closed","ping_status":"closed","sticky":false,"template":"","format":"standard","meta":{"footnotes":""},"categories":[37],"tags":[],"class_list":["post-126902","post","type-post","status-publish","format-standard","has-post-thumbnail","","category-politike"],"_links":{"self":[{"href":"https:\/\/rdnews.al\/index.php\/wp-json\/wp\/v2\/posts\/126902","targetHints":{"allow":["GET"]}}],"collection":[{"href":"https:\/\/rdnews.al\/index.php\/wp-json\/wp\/v2\/posts"}],"about":[{"href":"https:\/\/rdnews.al\/index.php\/wp-json\/wp\/v2\/types\/post"}],"author":[{"embeddable":true,"href":"https:\/\/rdnews.al\/index.php\/wp-json\/wp\/v2\/users\/4"}],"replies":[{"embeddable":true,"href":"https:\/\/rdnews.al\/index.php\/wp-json\/wp\/v2\/comments?post=126902"}],"version-history":[{"count":1,"href":"https:\/\/rdnews.al\/index.php\/wp-json\/wp\/v2\/posts\/126902\/revisions"}],"predecessor-version":[{"id":126904,"href":"https:\/\/rdnews.al\/index.php\/wp-json\/wp\/v2\/posts\/126902\/revisions\/126904"}],"wp:featuredmedia":[{"embeddable":true,"href":"https:\/\/rdnews.al\/index.php\/wp-json\/wp\/v2\/media\/126903"}],"wp:attachment":[{"href":"https:\/\/rdnews.al\/index.php\/wp-json\/wp\/v2\/media?parent=126902"}],"wp:term":[{"taxonomy":"category","embeddable":true,"href":"https:\/\/rdnews.al\/index.php\/wp-json\/wp\/v2\/categories?post=126902"},{"taxonomy":"post_tag","embeddable":true,"href":"https:\/\/rdnews.al\/index.php\/wp-json\/wp\/v2\/tags?post=126902"}],"curies":[{"name":"wp","href":"https:\/\/api.w.org\/{rel}","templated":true}]}}