{"id":126905,"date":"2025-10-29T16:29:32","date_gmt":"2025-10-29T16:29:32","guid":{"rendered":"https:\/\/rdnews.al\/?p=126905"},"modified":"2025-10-29T16:29:32","modified_gmt":"2025-10-29T16:29:32","slug":"siria-njeh-kosoven-me-ndermjetesine-e-arabise-saudite","status":"publish","type":"post","link":"https:\/\/rdnews.al\/index.php\/2025\/10\/29\/siria-njeh-kosoven-me-ndermjetesine-e-arabise-saudite\/","title":{"rendered":"Siria njeh Kosov\u00ebn me nd\u00ebrmjet\u00ebsin\u00eb e Arabis\u00eb Saudite"},"content":{"rendered":"<p>Vjosa Osmani<\/p>\n<p>Me mb\u00ebshtetjen e Lart\u00ebsis\u00eb s\u00eb tij Mbret\u00ebrore, Princit t\u00eb Kuror\u00ebs s\u00eb Arabis\u00eb Saudite, Muhammed bin Salman Al Saud, sot ne Riad arrit\u00ebm marr\u00ebveshjen n\u00ebp\u00ebrmjet s\u00eb cil\u00ebs Republika Arabe e Siris\u00eb njeh Republik\u00ebn e Kosov\u00ebs. Fal\u00ebnderoj Presidentin Al Sharaa p\u00ebr vendimin p\u00ebr njohje t\u00eb Kosov\u00ebs si dhe p\u00ebr mb\u00ebshtetjen e tij p\u00ebr popullin ton\u00eb.<\/p>\n<p>Populli i Kosov\u00ebs dhe ai i Siris\u00eb kan\u00eb vuajtur e sakrifikuar shum\u00eb p\u00ebr ta arritur lirin\u00eb. Prandaj kjo njohje e nd\u00ebrsjell\u00eb sot nuk \u00ebsht\u00eb vet\u00ebm e sovranitetit shtet\u00ebror, por edhe njohje e sakrific\u00ebs s\u00eb shum\u00eb brezave p\u00ebr t\u00eb jetuar t\u00eb lir\u00eb.<\/p>\n<p>Fal\u00ebnderoj Princin e Kuror\u00ebs s\u00eb Mbret\u00ebris\u00eb s\u00eb Arabis\u00eb Saudite q\u00eb e b\u00ebri t\u00eb mundsh\u00ebm k\u00ebt\u00eb akt historik nd\u00ebrmjet dy shteteve tona. \ud83c\uddfd\ud83c\uddf0\ud83c\uddf8\ud83c\udde6<\/p>\n<p>Tani Kosova njihet nga 120 shtete. Republika jon\u00eb po ec\u00eb p\u00ebrpara dhe nuk ka asgj\u00eb q\u00eb mund ta ndal\u00eb!<\/p>\n","protected":false},"excerpt":{"rendered":"<p>Vjosa Osmani Me mb\u00ebshtetjen e Lart\u00ebsis\u00eb s\u00eb tij Mbret\u00ebrore, Princit t\u00eb Kuror\u00ebs s\u00eb Arabis\u00eb Saudite, Muhammed bin Salman Al Saud, sot ne Riad arrit\u00ebm marr\u00ebveshjen n\u00ebp\u00ebrmjet s\u00eb cil\u00ebs Republika Arabe e Siris\u00eb njeh Republik\u00ebn e Kosov\u00ebs. Fal\u00ebnderoj Presidentin Al Sharaa p\u00ebr vendimin p\u00ebr njohje t\u00eb Kosov\u00ebs si dhe p\u00ebr mb\u00ebshtetjen e tij p\u00ebr popullin ton\u00eb. &hellip;<\/p>\n","protected":false},"author":3,"featured_media":126906,"comment_status":"closed","ping_status":"closed","sticky":false,"template":"","format":"standard","meta":{"footnotes":""},"categories":[38],"tags":[],"class_list":["post-126905","post","type-post","status-publish","format-standard","has-post-thumbnail","","category-bota"],"_links":{"self":[{"href":"https:\/\/rdnews.al\/index.php\/wp-json\/wp\/v2\/posts\/126905","targetHints":{"allow":["GET"]}}],"collection":[{"href":"https:\/\/rdnews.al\/index.php\/wp-json\/wp\/v2\/posts"}],"about":[{"href":"https:\/\/rdnews.al\/index.php\/wp-json\/wp\/v2\/types\/post"}],"author":[{"embeddable":true,"href":"https:\/\/rdnews.al\/index.php\/wp-json\/wp\/v2\/users\/3"}],"replies":[{"embeddable":true,"href":"https:\/\/rdnews.al\/index.php\/wp-json\/wp\/v2\/comments?post=126905"}],"version-history":[{"count":1,"href":"https:\/\/rdnews.al\/index.php\/wp-json\/wp\/v2\/posts\/126905\/revisions"}],"predecessor-version":[{"id":126907,"href":"https:\/\/rdnews.al\/index.php\/wp-json\/wp\/v2\/posts\/126905\/revisions\/126907"}],"wp:featuredmedia":[{"embeddable":true,"href":"https:\/\/rdnews.al\/index.php\/wp-json\/wp\/v2\/media\/126906"}],"wp:attachment":[{"href":"https:\/\/rdnews.al\/index.php\/wp-json\/wp\/v2\/media?parent=126905"}],"wp:term":[{"taxonomy":"category","embeddable":true,"href":"https:\/\/rdnews.al\/index.php\/wp-json\/wp\/v2\/categories?post=126905"},{"taxonomy":"post_tag","embeddable":true,"href":"https:\/\/rdnews.al\/index.php\/wp-json\/wp\/v2\/tags?post=126905"}],"curies":[{"name":"wp","href":"https:\/\/api.w.org\/{rel}","templated":true}]}}