{"id":126908,"date":"2025-10-29T17:32:21","date_gmt":"2025-10-29T17:32:21","guid":{"rendered":"https:\/\/rdnews.al\/?p=126908"},"modified":"2025-10-29T17:32:56","modified_gmt":"2025-10-29T17:32:56","slug":"126908","status":"publish","type":"post","link":"https:\/\/rdnews.al\/index.php\/2025\/10\/29\/126908\/","title":{"rendered":"Bardhi: Narrativa e PD, e nj\u00ebjt\u00eb me presidentin Trump dhe kund\u00ebr Soros!"},"content":{"rendered":"<p>Kryetari i Grupit Parlamentar t\u00eb PD, Gazment Bardhi gjat\u00eb fjal\u00ebs n\u00eb Komitetin e Stabilizim-Asociimit BE\u2013Shqip\u00ebri tha se, Partia Demokratike mbetet e pal\u00ebkundur n\u00eb mb\u00ebshtetjen e procesit t\u00eb integrimit si aspirat\u00eb e shqiptar\u00ebve.\u00a0Bardhi theksoi se PD ka vlera konkrete n\u00eb k\u00ebt\u00eb drejtim dhe jo propagand\u00eb boshe.<\/p>\n<p>&#8220;Ne kemi qen\u00eb dhe mbetemi mb\u00ebshtet\u00ebs t\u00eb k\u00ebsaj rruge. Por k\u00ebt\u00eb nuk e b\u00ebjm\u00eb me propagand\u00eb, por me pun\u00eb konkrete. Ne nuk e njohim qeverin\u00eb e dal\u00eb nga zgjedhjet e fundit, por jemi n\u00eb Parlament pik\u00ebrisht p\u00ebr t\u00eb punuar dhe p\u00ebr t\u00eb mb\u00ebshtetur aspirat\u00ebn e qytetar\u00ebve shqiptar\u00eb. BE dhe SHBA mbeten aleat\u00ebt tan\u00eb strategjik\u00eb, dhe PD nuk b\u00ebn ironi me Presidentin amerikan, por mb\u00ebshtet politikat e tij, ndryshe nga Kryeministri dhe mazhoranca. Narrativa e PD e nj\u00ebjt\u00eb me presidentin Trump dhe kund\u00ebr SOROS ndihmon rrug\u00ebn europiane t\u00eb Shqip\u00ebris\u00eb. PD nuk \u00ebsht\u00eb si Partia Socialiste, e cila, kur ne punonim p\u00ebr vizat, protestonte kund\u00ebr nesh n\u00eb bulevard.&#8221;<\/p>\n<p>N\u00eb t\u00eb nj\u00ebjt\u00ebn linj\u00eb ishte edhe Jorida Tabaku, e cila theksoi se, PD \u00ebsht\u00eb promotore e integrimit dhe se kjo rrug\u00eb kalon vet\u00ebm n\u00ebp\u00ebrmjet p\u00ebrmbushjes reale t\u00eb reformave, gj\u00eb t\u00eb cil\u00ebn kjo qeveri nuk e garanton. Komiteti i Stabilizim-Asociimit u mbyll me nj\u00eb deklarat\u00eb, p\u00ebr t\u00eb cil\u00ebn delegacioni i Partis\u00eb Demokratike nuk dha konsensus.<\/p>\n<p>&nbsp;<\/p>\n<p>&nbsp;<\/p>\n","protected":false},"excerpt":{"rendered":"<p>Kryetari i Grupit Parlamentar t\u00eb PD, Gazment Bardhi gjat\u00eb fjal\u00ebs n\u00eb Komitetin e Stabilizim-Asociimit BE\u2013Shqip\u00ebri tha se, Partia Demokratike mbetet e pal\u00ebkundur n\u00eb mb\u00ebshtetjen e procesit t\u00eb integrimit si aspirat\u00eb e shqiptar\u00ebve.\u00a0Bardhi theksoi se PD ka vlera konkrete n\u00eb k\u00ebt\u00eb drejtim dhe jo propagand\u00eb boshe. &#8220;Ne kemi qen\u00eb dhe mbetemi mb\u00ebshtet\u00ebs t\u00eb k\u00ebsaj rruge. Por &hellip;<\/p>\n","protected":false},"author":4,"featured_media":116932,"comment_status":"closed","ping_status":"closed","sticky":false,"template":"","format":"standard","meta":{"footnotes":""},"categories":[37],"tags":[],"class_list":["post-126908","post","type-post","status-publish","format-standard","has-post-thumbnail","","category-politike"],"_links":{"self":[{"href":"https:\/\/rdnews.al\/index.php\/wp-json\/wp\/v2\/posts\/126908","targetHints":{"allow":["GET"]}}],"collection":[{"href":"https:\/\/rdnews.al\/index.php\/wp-json\/wp\/v2\/posts"}],"about":[{"href":"https:\/\/rdnews.al\/index.php\/wp-json\/wp\/v2\/types\/post"}],"author":[{"embeddable":true,"href":"https:\/\/rdnews.al\/index.php\/wp-json\/wp\/v2\/users\/4"}],"replies":[{"embeddable":true,"href":"https:\/\/rdnews.al\/index.php\/wp-json\/wp\/v2\/comments?post=126908"}],"version-history":[{"count":2,"href":"https:\/\/rdnews.al\/index.php\/wp-json\/wp\/v2\/posts\/126908\/revisions"}],"predecessor-version":[{"id":126910,"href":"https:\/\/rdnews.al\/index.php\/wp-json\/wp\/v2\/posts\/126908\/revisions\/126910"}],"wp:featuredmedia":[{"embeddable":true,"href":"https:\/\/rdnews.al\/index.php\/wp-json\/wp\/v2\/media\/116932"}],"wp:attachment":[{"href":"https:\/\/rdnews.al\/index.php\/wp-json\/wp\/v2\/media?parent=126908"}],"wp:term":[{"taxonomy":"category","embeddable":true,"href":"https:\/\/rdnews.al\/index.php\/wp-json\/wp\/v2\/categories?post=126908"},{"taxonomy":"post_tag","embeddable":true,"href":"https:\/\/rdnews.al\/index.php\/wp-json\/wp\/v2\/tags?post=126908"}],"curies":[{"name":"wp","href":"https:\/\/api.w.org\/{rel}","templated":true}]}}