{"id":126911,"date":"2025-10-29T17:39:48","date_gmt":"2025-10-29T17:39:48","guid":{"rendered":"https:\/\/rdnews.al\/?p=126911"},"modified":"2025-10-29T17:40:14","modified_gmt":"2025-10-29T17:40:14","slug":"zhupa-doni-te-fshini-historine-e-durresit-per-te-ndertuar-pallate","status":"publish","type":"post","link":"https:\/\/rdnews.al\/index.php\/2025\/10\/29\/zhupa-doni-te-fshini-historine-e-durresit-per-te-ndertuar-pallate\/","title":{"rendered":"Zhupa: Doni t\u00eb fshini historin\u00eb e Durr\u00ebsit p\u00ebr t\u00eb nd\u00ebrtuar pallate!"},"content":{"rendered":"<p>Mbledhja e Komisionit t\u00eb Kultur\u00ebs u hap me nj\u00eb p\u00ebrplasje t\u00eb fort\u00eb kur kryetarja e komisionit, Ina Zhupa devijoi nga rendi i dit\u00ebs p\u00ebr t\u00eb adresuar nj\u00eb \u00e7\u00ebshtje procedurale nga mbledhja e kaluar. Zhupa akuzoi deputet\u00ebt e mazhoranc\u00ebs se kishin votuar kund\u00ebr nj\u00eb propozimi p\u00ebr t\u00eb mbajtur nj\u00eb seanc\u00eb d\u00ebgjimore me banor\u00ebt dhe institucionet p\u00ebrgjegj\u00ebse lidhur me nj\u00eb projekt zhvillimor n\u00eb Durr\u00ebs. Sipas Ina Zhup\u00ebs, ky projekt rrezikon trash\u00ebgimin\u00eb kulturore duke parashikuar prishjen e banesave historike. P\u00ebr t\u00eb mb\u00ebshtetur argumentin e saj, kryetarja paraqiti nj\u00eb fotografi t\u00eb nj\u00eb muri t\u00eb periudh\u00ebs osmane t\u00eb vitit 1502 dhe tabel\u00ebs p\u00ebrkat\u00ebse, duke pretenduar se tabela ishte hequr q\u00ebllimisht nga Bashkia Durr\u00ebs p\u00ebr t\u00eb justifikuar shkat\u00ebrrimin.<\/p>\n<p>\u201cP\u00ebrpara se t\u00eb kalojm\u00eb n\u00eb k\u00ebt\u00eb pik\u00eb t\u00eb rendit t\u00eb dit\u00ebs, kam di\u00e7ka p\u00ebr procedur\u00eb. Dje, n\u00eb mbyllje t\u00eb mbledhjes s\u00eb komisionit,ne e mbyll\u00ebm pa r\u00ebn\u00eb dakord p\u00ebr kalendarin, duke votuar vet\u00ebm projektligjet dhe duke marr\u00eb kund\u00ebrshtimin e deputet\u00ebve t\u00eb mazhoranc\u00ebs p\u00ebr t\u00eb futur n\u00eb kalendar nj\u00eb d\u00ebgjes\u00eb me banor\u00ebt e, me nj\u00eb p\u00ebrfaq\u00ebsi t\u00eb banor\u00ebve t\u00eb Durr\u00ebsit, me nj\u00eb p\u00ebrfaq\u00ebsi t\u00eb ADF-s\u00eb, me nj\u00eb p\u00ebrfaq\u00ebsi t\u00eb Bashkis\u00eb s\u00eb Durr\u00ebsit dhe me nj\u00eb p\u00ebrfaq\u00ebsi t\u00eb Ministris\u00eb s\u00eb Kultur\u00ebs, Turizmit dhe Sportit.<\/p>\n<p>Kjo dhe p\u00ebr t&#8217;u qart\u00ebsuar, momentin q\u00eb ne e mbyll\u00ebm, sepse nuk ishit ju dakord, se po t\u00eb ishit ju dakord, do ishte futur n\u00eb kalendar. Ta sqarojm\u00eb edhe k\u00ebt\u00eb pjes\u00eb q\u00eb e pa publiku. Dje n\u00eb k\u00ebt\u00eb komision kan\u00eb kaluar dhe disa t\u00eb pav\u00ebrteta, t\u00eb cilat kan\u00eb l\u00ebnduar qytetar\u00ebt e Durr\u00ebsit, q\u00eb m\u00eb jan\u00eb drejtuar personalisht, e jan\u00eb l\u00ebnduar nga m\u00ebnyra, sidomos kur e d\u00ebgjonin t\u00eb th\u00ebn\u00eb nga deputet\u00eb t\u00eb Durr\u00ebsit, q\u00eb supozohet q\u00eb e njohin Durr\u00ebsin dhe jetojn\u00eb me sensibilitetet e banor\u00ebve t\u00eb Durr\u00ebsit.<\/p>\n<p>Dje \u00ebsht\u00eb th\u00ebn\u00eb, dhe e k\u00ebrkuar dhe un\u00eb ndaj e kam marr\u00eb sot k\u00ebtu, \u00ebsht\u00eb th\u00ebn\u00eb nga deputeti zoti Kume q\u00eb nuk ka nj\u00eb mur t\u00eb till\u00eb t\u00eb k\u00ebsaj periudhe otomane, turke t\u00eb vitit 1500. N\u00eb fakt \u00ebsht\u00eb viti 1502. Mund t\u00eb futeni dhe ju n\u00eb Google Map, sepse Google nuk i heq tabelat si\u00e7 i heq Bashkia Durr\u00ebs. B\u00ebjeni nj\u00eb k\u00ebrkes\u00eb t&#8217;i ndryshojn\u00eb. Ky \u00ebsht\u00eb muri, kjo ka qen\u00eb tabela, tabela thot\u00eb mur i periudh\u00ebs turke, e ke edhe anglisht.<\/p>\n<p>\u201cWall of Turk Period\u201d, e kan\u00eb shkruajtur k\u00ebta. N\u00eb fakt duhet t\u00eb ishte otomane. Viti \u00ebsht\u00eb 1502 dhe viti \u00ebsht\u00eb, kjo \u00ebsht\u00eb tabela. E ka shkulur Bashkia Durr\u00ebsit, e ka shkulur k\u00ebt\u00eb tabel\u00eb vet\u00ebm q\u00eb t&#8217;i sh\u00ebmbi\u201d, tha Zhupa.<\/p>\n","protected":false},"excerpt":{"rendered":"<p>Mbledhja e Komisionit t\u00eb Kultur\u00ebs u hap me nj\u00eb p\u00ebrplasje t\u00eb fort\u00eb kur kryetarja e komisionit, Ina Zhupa devijoi nga rendi i dit\u00ebs p\u00ebr t\u00eb adresuar nj\u00eb \u00e7\u00ebshtje procedurale nga mbledhja e kaluar. Zhupa akuzoi deputet\u00ebt e mazhoranc\u00ebs se kishin votuar kund\u00ebr nj\u00eb propozimi p\u00ebr t\u00eb mbajtur nj\u00eb seanc\u00eb d\u00ebgjimore me banor\u00ebt dhe institucionet p\u00ebrgjegj\u00ebse &hellip;<\/p>\n","protected":false},"author":4,"featured_media":115815,"comment_status":"closed","ping_status":"closed","sticky":false,"template":"","format":"standard","meta":{"footnotes":""},"categories":[37],"tags":[],"class_list":["post-126911","post","type-post","status-publish","format-standard","has-post-thumbnail","","category-politike"],"_links":{"self":[{"href":"https:\/\/rdnews.al\/index.php\/wp-json\/wp\/v2\/posts\/126911","targetHints":{"allow":["GET"]}}],"collection":[{"href":"https:\/\/rdnews.al\/index.php\/wp-json\/wp\/v2\/posts"}],"about":[{"href":"https:\/\/rdnews.al\/index.php\/wp-json\/wp\/v2\/types\/post"}],"author":[{"embeddable":true,"href":"https:\/\/rdnews.al\/index.php\/wp-json\/wp\/v2\/users\/4"}],"replies":[{"embeddable":true,"href":"https:\/\/rdnews.al\/index.php\/wp-json\/wp\/v2\/comments?post=126911"}],"version-history":[{"count":1,"href":"https:\/\/rdnews.al\/index.php\/wp-json\/wp\/v2\/posts\/126911\/revisions"}],"predecessor-version":[{"id":126912,"href":"https:\/\/rdnews.al\/index.php\/wp-json\/wp\/v2\/posts\/126911\/revisions\/126912"}],"wp:featuredmedia":[{"embeddable":true,"href":"https:\/\/rdnews.al\/index.php\/wp-json\/wp\/v2\/media\/115815"}],"wp:attachment":[{"href":"https:\/\/rdnews.al\/index.php\/wp-json\/wp\/v2\/media?parent=126911"}],"wp:term":[{"taxonomy":"category","embeddable":true,"href":"https:\/\/rdnews.al\/index.php\/wp-json\/wp\/v2\/categories?post=126911"},{"taxonomy":"post_tag","embeddable":true,"href":"https:\/\/rdnews.al\/index.php\/wp-json\/wp\/v2\/tags?post=126911"}],"curies":[{"name":"wp","href":"https:\/\/api.w.org\/{rel}","templated":true}]}}