{"id":126913,"date":"2025-10-29T17:49:27","date_gmt":"2025-10-29T17:49:27","guid":{"rendered":"https:\/\/rdnews.al\/?p=126913"},"modified":"2025-10-29T17:49:27","modified_gmt":"2025-10-29T17:49:27","slug":"florian-binaj-prezanton-planin-e-veprimit-me-perfaqesuesit-e-opozites","status":"publish","type":"post","link":"https:\/\/rdnews.al\/index.php\/2025\/10\/29\/florian-binaj-prezanton-planin-e-veprimit-me-perfaqesuesit-e-opozites\/","title":{"rendered":"Florian Binaj prezanton planin e veprimit me p\u00ebrfaq\u00ebsuesit e opozit\u00ebs"},"content":{"rendered":"<p>Kandidati i pavarur p\u00ebr Bashkin\u00eb e Tiran\u00ebs, Florjan Binaj ka takuar sot p\u00ebrfaq\u00ebsuesit e partive politike opozitare n\u00eb vend.<\/p>\n<p>N\u00eb disa foto t\u00eb shp\u00ebrndara n\u00eb rrjetet sociale, Binaj shihet krah tyre nd\u00ebrsa sqaron se ka prezantuar planin e veprimit t\u00eb fushat\u00ebs dhe p\u00ebr drejtimin e kryeqytetit.<\/p>\n<p>Ai thot\u00eb se programi \u00ebsht\u00eb mb\u00ebshtetur prej tyre dhe \u00ebsht\u00eb pasuruar me propozime konkrete.<\/p>\n<p>\u201cSot, me ekipin ton\u00eb, zhvilluam nj\u00eb takim me Ermalin, Ilirin, Barbar\u00ebn, Sentjonin, Albin, Brunild\u00ebn, Anis\u00ebn dhe Erionin, p\u00ebrfaq\u00ebsues t\u00eb partive opozitare n\u00eb vend.<\/p>\n<p>Me k\u00ebnaq\u00ebsi konstatuam se programi yn\u00eb, i ideuar nga nj\u00eb staf profesionist\u00ebsh idealist\u00eb dhe qytetar\u00ebsh aktiv\u00eb, gjeti mb\u00ebshtetjen e tyre. Angazhimi i tyre me propozime konkrete e pasuroi m\u00eb tej programin ton\u00eb, i cili, n\u00eb kontakt t\u00eb vazhduesh\u00ebm me qytetar\u00ebt, do t\u00eb p\u00ebrsoset edhe m\u00eb tej\u201d, shkruan Binaj.<\/p>\n<p>&nbsp;<\/p>\n","protected":false},"excerpt":{"rendered":"<p>Kandidati i pavarur p\u00ebr Bashkin\u00eb e Tiran\u00ebs, Florjan Binaj ka takuar sot p\u00ebrfaq\u00ebsuesit e partive politike opozitare n\u00eb vend. N\u00eb disa foto t\u00eb shp\u00ebrndara n\u00eb rrjetet sociale, Binaj shihet krah tyre nd\u00ebrsa sqaron se ka prezantuar planin e veprimit t\u00eb fushat\u00ebs dhe p\u00ebr drejtimin e kryeqytetit. Ai thot\u00eb se programi \u00ebsht\u00eb mb\u00ebshtetur prej tyre dhe &hellip;<\/p>\n","protected":false},"author":4,"featured_media":126914,"comment_status":"closed","ping_status":"closed","sticky":false,"template":"","format":"standard","meta":{"footnotes":""},"categories":[37],"tags":[],"class_list":["post-126913","post","type-post","status-publish","format-standard","has-post-thumbnail","","category-politike"],"_links":{"self":[{"href":"https:\/\/rdnews.al\/index.php\/wp-json\/wp\/v2\/posts\/126913","targetHints":{"allow":["GET"]}}],"collection":[{"href":"https:\/\/rdnews.al\/index.php\/wp-json\/wp\/v2\/posts"}],"about":[{"href":"https:\/\/rdnews.al\/index.php\/wp-json\/wp\/v2\/types\/post"}],"author":[{"embeddable":true,"href":"https:\/\/rdnews.al\/index.php\/wp-json\/wp\/v2\/users\/4"}],"replies":[{"embeddable":true,"href":"https:\/\/rdnews.al\/index.php\/wp-json\/wp\/v2\/comments?post=126913"}],"version-history":[{"count":1,"href":"https:\/\/rdnews.al\/index.php\/wp-json\/wp\/v2\/posts\/126913\/revisions"}],"predecessor-version":[{"id":126915,"href":"https:\/\/rdnews.al\/index.php\/wp-json\/wp\/v2\/posts\/126913\/revisions\/126915"}],"wp:featuredmedia":[{"embeddable":true,"href":"https:\/\/rdnews.al\/index.php\/wp-json\/wp\/v2\/media\/126914"}],"wp:attachment":[{"href":"https:\/\/rdnews.al\/index.php\/wp-json\/wp\/v2\/media?parent=126913"}],"wp:term":[{"taxonomy":"category","embeddable":true,"href":"https:\/\/rdnews.al\/index.php\/wp-json\/wp\/v2\/categories?post=126913"},{"taxonomy":"post_tag","embeddable":true,"href":"https:\/\/rdnews.al\/index.php\/wp-json\/wp\/v2\/tags?post=126913"}],"curies":[{"name":"wp","href":"https:\/\/api.w.org\/{rel}","templated":true}]}}