{"id":126930,"date":"2025-10-30T09:12:35","date_gmt":"2025-10-30T09:12:35","guid":{"rendered":"https:\/\/rdnews.al\/?p=126930"},"modified":"2025-10-30T09:13:46","modified_gmt":"2025-10-30T09:13:46","slug":"berisha-agron-malaj-po-nderton-rruge-per-ne-banesen-e-tij-me-parate-e-shqiptareve","status":"publish","type":"post","link":"https:\/\/rdnews.al\/index.php\/2025\/10\/30\/berisha-agron-malaj-po-nderton-rruge-per-ne-banesen-e-tij-me-parate-e-shqiptareve\/","title":{"rendered":"Berisha: Agron Malaj po nd\u00ebrton rrug\u00eb p\u00ebr n\u00eb banes\u00ebn e tij me parat\u00eb e shqiptar\u00ebve!"},"content":{"rendered":"<p>Kryetari i PD, Sali Berisha ka denoncuar p\u00ebrmes qytetarit dixhital \u201crrug\u00ebn personale\u201d q\u00eb po nd\u00ebrton me parat\u00eb e shqiptar\u00ebve ish-kryebashkiaku i Matit dhe tashm\u00eb deputet, Agron Malaj.<\/p>\n<p>Sipas denoncuesit, b\u00ebhet fjal\u00eb p\u00ebr rrug\u00ebn nga banesa e Agron Malajt n\u00eb fshatin Lis deri tek rezervuari i fshatit Shqefen. Ai thot\u00eb m\u00eb tej se kjo rrug\u00eb rreth 5 km e gjat\u00eb nuk i sh\u00ebrben askujt p\u00ebrve\u00e7 Agron Malajt dhe po nd\u00ebrtohet nga makinerit\u00eb e Bashkis\u00eb s\u00eb Matit pa u b\u00ebr\u00eb asnj\u00eb tender.<\/p>\n<p><strong>Postimi i plot\u00eb<\/strong><\/p>\n<p>Agron Malaj nd\u00ebrton me parat\u00eb e qytetar\u00ebve rrug\u00eb personale!<\/p>\n<p>Denoncoj me forc\u00eb k\u00ebt\u00eb akt korruptiv t\u00eb Agron Malaj, deputetit t\u00eb Matit.<\/p>\n<p>Lexoni mesazhin dhe shikoni videon e qytetarit dixhital.<\/p>\n<p>Zoti Berisha, shiko sesi taksat e qytetareve te Matit perdoren per interesat personale te Agron Malajt, nderkohe qe mijera banore te matit nuk kan rrugen e makines ne banesa, Agron Malaj po nderton nje rruge nga banesa e tij ne fshatin Lis deri te rezervuari i fshatit Shqefen, kjo rruge nuk i sherben arkujt pasi lidh vetem banesen e Agron Malajt, rruga afro 5 kilometra eshte bere nga makinerite e Bashkise Mat pa asnje tender apo te dhene publike! Kostoja e saj mund te shkoje mbi 200 mije dollare!<\/p>\n<p><iframe loading=\"lazy\" src=\"https:\/\/www.facebook.com\/plugins\/video.php?height=476&amp;href=https%3A%2F%2Fwww.facebook.com%2Freel%2F1461717094938726%2F&amp;show_text=false&amp;width=317&amp;t=0\" width=\"317\" height=\"476\" frameborder=\"0\" scrolling=\"no\" allowfullscreen=\"allowfullscreen\" data-mce-fragment=\"1\"><\/iframe><\/p>\n","protected":false},"excerpt":{"rendered":"<p>Kryetari i PD, Sali Berisha ka denoncuar p\u00ebrmes qytetarit dixhital \u201crrug\u00ebn personale\u201d q\u00eb po nd\u00ebrton me parat\u00eb e shqiptar\u00ebve ish-kryebashkiaku i Matit dhe tashm\u00eb deputet, Agron Malaj. Sipas denoncuesit, b\u00ebhet fjal\u00eb p\u00ebr rrug\u00ebn nga banesa e Agron Malajt n\u00eb fshatin Lis deri tek rezervuari i fshatit Shqefen. Ai thot\u00eb m\u00eb tej se kjo rrug\u00eb rreth &hellip;<\/p>\n","protected":false},"author":4,"featured_media":114000,"comment_status":"closed","ping_status":"closed","sticky":false,"template":"","format":"standard","meta":{"footnotes":""},"categories":[37],"tags":[],"class_list":["post-126930","post","type-post","status-publish","format-standard","has-post-thumbnail","","category-politike"],"_links":{"self":[{"href":"https:\/\/rdnews.al\/index.php\/wp-json\/wp\/v2\/posts\/126930","targetHints":{"allow":["GET"]}}],"collection":[{"href":"https:\/\/rdnews.al\/index.php\/wp-json\/wp\/v2\/posts"}],"about":[{"href":"https:\/\/rdnews.al\/index.php\/wp-json\/wp\/v2\/types\/post"}],"author":[{"embeddable":true,"href":"https:\/\/rdnews.al\/index.php\/wp-json\/wp\/v2\/users\/4"}],"replies":[{"embeddable":true,"href":"https:\/\/rdnews.al\/index.php\/wp-json\/wp\/v2\/comments?post=126930"}],"version-history":[{"count":2,"href":"https:\/\/rdnews.al\/index.php\/wp-json\/wp\/v2\/posts\/126930\/revisions"}],"predecessor-version":[{"id":126932,"href":"https:\/\/rdnews.al\/index.php\/wp-json\/wp\/v2\/posts\/126930\/revisions\/126932"}],"wp:featuredmedia":[{"embeddable":true,"href":"https:\/\/rdnews.al\/index.php\/wp-json\/wp\/v2\/media\/114000"}],"wp:attachment":[{"href":"https:\/\/rdnews.al\/index.php\/wp-json\/wp\/v2\/media?parent=126930"}],"wp:term":[{"taxonomy":"category","embeddable":true,"href":"https:\/\/rdnews.al\/index.php\/wp-json\/wp\/v2\/categories?post=126930"},{"taxonomy":"post_tag","embeddable":true,"href":"https:\/\/rdnews.al\/index.php\/wp-json\/wp\/v2\/tags?post=126930"}],"curies":[{"name":"wp","href":"https:\/\/api.w.org\/{rel}","templated":true}]}}