{"id":126936,"date":"2025-10-30T10:14:00","date_gmt":"2025-10-30T10:14:00","guid":{"rendered":"https:\/\/rdnews.al\/?p=126936"},"modified":"2025-10-30T10:14:00","modified_gmt":"2025-10-30T10:14:00","slug":"minatoret-e-spacit-proteste-para-kuvendit","status":"publish","type":"post","link":"https:\/\/rdnews.al\/index.php\/2025\/10\/30\/minatoret-e-spacit-proteste-para-kuvendit\/","title":{"rendered":"Minator\u00ebt e Spa\u00e7it protest\u00eb para Kuvendit"},"content":{"rendered":"<p>Punonj\u00ebsit e minier\u00ebs s\u00eb bakrit n\u00eb Spa\u00e7 p\u00ebrshkall\u00ebzuan protest\u00ebn e tyre k\u00ebt\u00eb t\u00eb enjte, duke u pozicionuar para Kuvendit t\u00eb Shqip\u00ebris\u00eb.<\/p>\n<p>Me pankarta n\u00eb duar, minator\u00ebt e Spa\u00e7it k\u00ebrkojn\u00eb t\u00eb drejtat e tyre, kushte m\u00eb t\u00eb mira pune si edhe pensione dinjitoze p\u00ebr pun\u00ebn q\u00eb kan\u00eb b\u00ebr\u00eb nd\u00ebr vite.<\/p>\n<p>\u201cDuam t\u00eb drejtat tona\u201d, brohorasin protestuesit jasht\u00eb Kuvendit, nd\u00ebrsa brenda n\u00eb Parlamentit mbahet sot seanca e radh\u00ebs plenare.<\/p>\n<p>Punonj\u00ebsit e minier\u00ebs s\u00eb bakrit n\u00eb Spa\u00e7 p\u00ebrshkall\u00ebzuan protest\u00ebn e tyre k\u00ebt\u00eb t\u00eb enjte, duke u pozicionuar para Kuvendit t\u00eb Shqip\u00ebris\u00eb.<\/p>\n<p>Me pankarta n\u00eb duar, minator\u00ebt e Spa\u00e7it k\u00ebrkojn\u00eb t\u00eb drejtat e tyre, kushte m\u00eb t\u00eb mira pune si edhe pensione dinjitoze p\u00ebr pun\u00ebn q\u00eb kan\u00eb b\u00ebr\u00eb nd\u00ebr vite.<\/p>\n<p>\u201cDuam t\u00eb drejtat tona\u201d, brohorasin protestuesit jasht\u00eb Kuvendit, nd\u00ebrsa brenda n\u00eb Parlamentit mbahet sot seanca e radh\u00ebs plenare.<\/p>\n","protected":false},"excerpt":{"rendered":"<p>Punonj\u00ebsit e minier\u00ebs s\u00eb bakrit n\u00eb Spa\u00e7 p\u00ebrshkall\u00ebzuan protest\u00ebn e tyre k\u00ebt\u00eb t\u00eb enjte, duke u pozicionuar para Kuvendit t\u00eb Shqip\u00ebris\u00eb. Me pankarta n\u00eb duar, minator\u00ebt e Spa\u00e7it k\u00ebrkojn\u00eb t\u00eb drejtat e tyre, kushte m\u00eb t\u00eb mira pune si edhe pensione dinjitoze p\u00ebr pun\u00ebn q\u00eb kan\u00eb b\u00ebr\u00eb nd\u00ebr vite. \u201cDuam t\u00eb drejtat tona\u201d, brohorasin protestuesit &hellip;<\/p>\n","protected":false},"author":4,"featured_media":126937,"comment_status":"closed","ping_status":"closed","sticky":false,"template":"","format":"standard","meta":{"footnotes":""},"categories":[37],"tags":[],"class_list":["post-126936","post","type-post","status-publish","format-standard","has-post-thumbnail","","category-politike"],"_links":{"self":[{"href":"https:\/\/rdnews.al\/index.php\/wp-json\/wp\/v2\/posts\/126936","targetHints":{"allow":["GET"]}}],"collection":[{"href":"https:\/\/rdnews.al\/index.php\/wp-json\/wp\/v2\/posts"}],"about":[{"href":"https:\/\/rdnews.al\/index.php\/wp-json\/wp\/v2\/types\/post"}],"author":[{"embeddable":true,"href":"https:\/\/rdnews.al\/index.php\/wp-json\/wp\/v2\/users\/4"}],"replies":[{"embeddable":true,"href":"https:\/\/rdnews.al\/index.php\/wp-json\/wp\/v2\/comments?post=126936"}],"version-history":[{"count":1,"href":"https:\/\/rdnews.al\/index.php\/wp-json\/wp\/v2\/posts\/126936\/revisions"}],"predecessor-version":[{"id":126938,"href":"https:\/\/rdnews.al\/index.php\/wp-json\/wp\/v2\/posts\/126936\/revisions\/126938"}],"wp:featuredmedia":[{"embeddable":true,"href":"https:\/\/rdnews.al\/index.php\/wp-json\/wp\/v2\/media\/126937"}],"wp:attachment":[{"href":"https:\/\/rdnews.al\/index.php\/wp-json\/wp\/v2\/media?parent=126936"}],"wp:term":[{"taxonomy":"category","embeddable":true,"href":"https:\/\/rdnews.al\/index.php\/wp-json\/wp\/v2\/categories?post=126936"},{"taxonomy":"post_tag","embeddable":true,"href":"https:\/\/rdnews.al\/index.php\/wp-json\/wp\/v2\/tags?post=126936"}],"curies":[{"name":"wp","href":"https:\/\/api.w.org\/{rel}","templated":true}]}}