{"id":126945,"date":"2025-10-30T10:30:57","date_gmt":"2025-10-30T10:30:57","guid":{"rendered":"https:\/\/rdnews.al\/?p=126945"},"modified":"2025-10-30T10:31:53","modified_gmt":"2025-10-30T10:31:53","slug":"paloka-ironizon-ramen-ja-mreti-ne-rolin-e-queen-baxhlles-genjen-dhe-perdridhet","status":"publish","type":"post","link":"https:\/\/rdnews.al\/index.php\/2025\/10\/30\/paloka-ironizon-ramen-ja-mreti-ne-rolin-e-queen-baxhlles-genjen-dhe-perdridhet\/","title":{"rendered":"Paloka ironizon Ram\u00ebn: Ja \u201cmreti\u201d n\u00eb rolin e Queen Baxh*ll\u00ebs! G\u00ebnjen dhe p\u00ebrdridhet"},"content":{"rendered":"<p>Deputeti i PD, Edi Paloka ka ironizuar deklaratat e kryeministrit Edi Rama, duke e quajtur at\u00eb \u201cmretin\u201d n\u00eb rolin e tij t\u00eb preferuar, at\u00eb t\u00eb \u201cQueen Baxhell\u00ebs\u201d.<\/p>\n<p>Nw njw postim nw Facebook, Paloka akuzon Ram\u00ebn se g\u00ebnjen me qet\u00ebsi edhe pas publikimit t\u00eb videos s\u00eb takimit t\u00eb tij me ministrin e jasht\u00ebm rus, Sergei Lavrov, n\u00eb Mosk\u00eb.<\/p>\n<p><strong>Postimi i Palok\u00ebs<\/strong><\/p>\n<p>Ja \u201cmreti\u201d n\u00eb rolin q\u00eb i p\u00eblqen m\u00eb shum\u00eb dhe q\u00eb e p\u00ebrdor m\u00eb shpesh\u2026 \u201cmreti\u201d n\u00eb rolin e Queen Baxhell\u00ebs!<\/p>\n<p>G\u00ebnjen dhe p\u00ebrdridhet pa u skuqur e pa u zverdhur fare!<\/p>\n<p>Megjith\u00ebse i nxorr\u00ebn videon e takimit t\u00eb tij me Lavrov n\u00eb Mosk\u00eb vet\u00ebm para pak dit\u00ebve (kur e tha p\u00ebr her\u00eb t\u00eb par\u00eb k\u00ebt\u00eb g\u00ebnjesht\u00ebr) prap\u00eb g\u00ebnjen me qet\u00ebsi !<\/p>\n<p>Nuk jam orbanist &#8211; thot\u00eb &#8211; po Viktorin e kam mik. Pastaj i fut dhe ca lavde p\u00ebr Presidentin Trump\u2026<\/p>\n<p>\u00c7fare mund t\u2019i thuash \u201cmretit\u201d n\u00eb k\u00ebto raste p\u00ebrve\u00e7se Queen Baxhella!<\/p>\n<p><iframe loading=\"lazy\" src=\"https:\/\/www.facebook.com\/plugins\/post.php?href=https%3A%2F%2Fwww.facebook.com%2Fpermalink.php%3Fstory_fbid%3Dpfbid031hBwpz2MWy5bpKskSyKnshAQbmUTspP9PoDpjCdGBJrNpgm3wBYJkNG4ZEzXQFRpl%26id%3D100008639860309&amp;show_text=true&amp;width=500\" width=\"500\" height=\"551\" frameborder=\"0\" scrolling=\"no\" allowfullscreen=\"allowfullscreen\" data-mce-fragment=\"1\"><\/iframe><\/p>\n","protected":false},"excerpt":{"rendered":"<p>Deputeti i PD, Edi Paloka ka ironizuar deklaratat e kryeministrit Edi Rama, duke e quajtur at\u00eb \u201cmretin\u201d n\u00eb rolin e tij t\u00eb preferuar, at\u00eb t\u00eb \u201cQueen Baxhell\u00ebs\u201d. Nw njw postim nw Facebook, Paloka akuzon Ram\u00ebn se g\u00ebnjen me qet\u00ebsi edhe pas publikimit t\u00eb videos s\u00eb takimit t\u00eb tij me ministrin e jasht\u00ebm rus, Sergei Lavrov, &hellip;<\/p>\n","protected":false},"author":4,"featured_media":47665,"comment_status":"closed","ping_status":"closed","sticky":false,"template":"","format":"standard","meta":{"footnotes":""},"categories":[37],"tags":[],"class_list":["post-126945","post","type-post","status-publish","format-standard","has-post-thumbnail","","category-politike"],"_links":{"self":[{"href":"https:\/\/rdnews.al\/index.php\/wp-json\/wp\/v2\/posts\/126945","targetHints":{"allow":["GET"]}}],"collection":[{"href":"https:\/\/rdnews.al\/index.php\/wp-json\/wp\/v2\/posts"}],"about":[{"href":"https:\/\/rdnews.al\/index.php\/wp-json\/wp\/v2\/types\/post"}],"author":[{"embeddable":true,"href":"https:\/\/rdnews.al\/index.php\/wp-json\/wp\/v2\/users\/4"}],"replies":[{"embeddable":true,"href":"https:\/\/rdnews.al\/index.php\/wp-json\/wp\/v2\/comments?post=126945"}],"version-history":[{"count":2,"href":"https:\/\/rdnews.al\/index.php\/wp-json\/wp\/v2\/posts\/126945\/revisions"}],"predecessor-version":[{"id":126947,"href":"https:\/\/rdnews.al\/index.php\/wp-json\/wp\/v2\/posts\/126945\/revisions\/126947"}],"wp:featuredmedia":[{"embeddable":true,"href":"https:\/\/rdnews.al\/index.php\/wp-json\/wp\/v2\/media\/47665"}],"wp:attachment":[{"href":"https:\/\/rdnews.al\/index.php\/wp-json\/wp\/v2\/media?parent=126945"}],"wp:term":[{"taxonomy":"category","embeddable":true,"href":"https:\/\/rdnews.al\/index.php\/wp-json\/wp\/v2\/categories?post=126945"},{"taxonomy":"post_tag","embeddable":true,"href":"https:\/\/rdnews.al\/index.php\/wp-json\/wp\/v2\/tags?post=126945"}],"curies":[{"name":"wp","href":"https:\/\/api.w.org\/{rel}","templated":true}]}}