{"id":126951,"date":"2025-10-30T10:43:19","date_gmt":"2025-10-30T10:43:19","guid":{"rendered":"https:\/\/rdnews.al\/?p=126951"},"modified":"2025-10-30T10:43:19","modified_gmt":"2025-10-30T10:43:19","slug":"berisha-nuk-kam-thene-qe-do-ulem-me-ramen-jam-pro-idese-se-senatit-pasi-kjo-do-reduktonte-numrin-e-deputeteve","status":"publish","type":"post","link":"https:\/\/rdnews.al\/index.php\/2025\/10\/30\/berisha-nuk-kam-thene-qe-do-ulem-me-ramen-jam-pro-idese-se-senatit-pasi-kjo-do-reduktonte-numrin-e-deputeteve\/","title":{"rendered":"Berisha: Nuk kam th\u00ebn\u00eb q\u00eb do ulem me Ram\u00ebn! Jam pro ides\u00eb s\u00eb senatit pasi kjo do reduktonte numrin e deputet\u00ebve"},"content":{"rendered":"<p>Kryetari i PD, Sali Berisha n\u00eb nj\u00eb deklarat\u00eb p\u00ebr mediat jasht\u00eb sall\u00ebs s\u00eb Kuvendit ka mohuar kategorikisht \u00e7do mund\u00ebsi p\u00ebr t\u2019u ulur me Edi Ram\u00ebn, duke e cil\u00ebsuar k\u00ebt\u00eb si nj\u00eb keqinterpretim t\u00eb q\u00ebndrimeve t\u00eb tij.<br \/>\nBerisha deklaroi se mb\u00ebshtet iden\u00eb e rivendosjes s\u00eb senatit, nj\u00eb propozim fillimisht i dh\u00ebn\u00eb nga i ndjeri Sabri Godo, i cili sipas tij do t\u00eb reduktonte numrin e deputet\u00ebve dhe do t\u00eb ulte koston fiskale p\u00ebr qytetar\u00ebt, duke shmangur zgjerimin e panevojsh\u00ebm t\u00eb institucioneve.<br \/>\n\u201cAbsolutisht jo, nuk e kam th\u00ebn\u00eb at\u00eb.<br \/>\nM\u00eb vjen keq q\u00eb e shtroni.<br \/>\nKa nj\u00eb komision parlamentar.<br \/>\nAi komision dhe ai ligj nuk parashikon aspak, n\u00eb asnj\u00eb rrethan\u00eb uljen time me Edi Ram\u00ebn.<br \/>\nAi parashikon q\u00eb p\u00ebrfaq\u00ebsuesit e t\u00eb dy partive n\u00eb komisionin p\u00ebr zgjedhjet, t\u00eb diskutojn\u00eb edhe k\u00ebto \u00e7\u00ebshtje, \u00e7\u00ebshtjen e senatit, po u pranua senati, vetvetiu numri i deputet\u00ebve do reduktohet.<br \/>\nDhe un\u00eb jam p\u00ebr k\u00ebt\u00eb variant.<br \/>\nIdeja e senatit nuk \u00ebsht\u00eb nj\u00eb ide ime, fillimisht \u00ebsht\u00eb dh\u00ebn\u00eb nga i ndjeri Sabri Godo dhe mbrojtur me shum\u00eb aft\u00ebsi.<br \/>\nPor q\u00ebndron si ide, vendi mund t\u00eb ket\u00eb nj\u00eb senat me nj\u00eb num\u00ebr m\u00eb t\u00eb reduktuar deputet\u00ebsh n\u00eb m\u00ebnyr\u00eb q\u00eb t\u00eb mos shtohet fatura fiskale e k\u00ebtij institucioni\u201d, tha Berisha.<\/p>\n","protected":false},"excerpt":{"rendered":"<p>Kryetari i PD, Sali Berisha n\u00eb nj\u00eb deklarat\u00eb p\u00ebr mediat jasht\u00eb sall\u00ebs s\u00eb Kuvendit ka mohuar kategorikisht \u00e7do mund\u00ebsi p\u00ebr t\u2019u ulur me Edi Ram\u00ebn, duke e cil\u00ebsuar k\u00ebt\u00eb si nj\u00eb keqinterpretim t\u00eb q\u00ebndrimeve t\u00eb tij. Berisha deklaroi se mb\u00ebshtet iden\u00eb e rivendosjes s\u00eb senatit, nj\u00eb propozim fillimisht i dh\u00ebn\u00eb nga i ndjeri Sabri Godo, &hellip;<\/p>\n","protected":false},"author":4,"featured_media":126633,"comment_status":"closed","ping_status":"closed","sticky":false,"template":"","format":"standard","meta":{"footnotes":""},"categories":[37],"tags":[],"class_list":["post-126951","post","type-post","status-publish","format-standard","has-post-thumbnail","","category-politike"],"_links":{"self":[{"href":"https:\/\/rdnews.al\/index.php\/wp-json\/wp\/v2\/posts\/126951","targetHints":{"allow":["GET"]}}],"collection":[{"href":"https:\/\/rdnews.al\/index.php\/wp-json\/wp\/v2\/posts"}],"about":[{"href":"https:\/\/rdnews.al\/index.php\/wp-json\/wp\/v2\/types\/post"}],"author":[{"embeddable":true,"href":"https:\/\/rdnews.al\/index.php\/wp-json\/wp\/v2\/users\/4"}],"replies":[{"embeddable":true,"href":"https:\/\/rdnews.al\/index.php\/wp-json\/wp\/v2\/comments?post=126951"}],"version-history":[{"count":1,"href":"https:\/\/rdnews.al\/index.php\/wp-json\/wp\/v2\/posts\/126951\/revisions"}],"predecessor-version":[{"id":126952,"href":"https:\/\/rdnews.al\/index.php\/wp-json\/wp\/v2\/posts\/126951\/revisions\/126952"}],"wp:featuredmedia":[{"embeddable":true,"href":"https:\/\/rdnews.al\/index.php\/wp-json\/wp\/v2\/media\/126633"}],"wp:attachment":[{"href":"https:\/\/rdnews.al\/index.php\/wp-json\/wp\/v2\/media?parent=126951"}],"wp:term":[{"taxonomy":"category","embeddable":true,"href":"https:\/\/rdnews.al\/index.php\/wp-json\/wp\/v2\/categories?post=126951"},{"taxonomy":"post_tag","embeddable":true,"href":"https:\/\/rdnews.al\/index.php\/wp-json\/wp\/v2\/tags?post=126951"}],"curies":[{"name":"wp","href":"https:\/\/api.w.org\/{rel}","templated":true}]}}