{"id":126953,"date":"2025-10-30T10:47:46","date_gmt":"2025-10-30T10:47:46","guid":{"rendered":"https:\/\/rdnews.al\/?p=126953"},"modified":"2025-10-30T10:47:46","modified_gmt":"2025-10-30T10:47:46","slug":"berisha-denoj-me-force-nderhyrjen-brutale-te-edi-rames-te-prokurori-qe-ka-dosjen-e-lubi-ballukut","status":"publish","type":"post","link":"https:\/\/rdnews.al\/index.php\/2025\/10\/30\/berisha-denoj-me-force-nderhyrjen-brutale-te-edi-rames-te-prokurori-qe-ka-dosjen-e-lubi-ballukut\/","title":{"rendered":"Berisha: D\u00ebnoj me forc\u00eb nd\u00ebrhyrjen brutale t\u00eb Edi Ram\u00ebs te prokurori q\u00eb ka dosjen e Lubi Ballukut!"},"content":{"rendered":"<p>Kryetari i PD, \u00a0Sali Berisha, n\u00eb nj\u00eb deklarat\u00eb p\u00ebr mediat jasht\u00eb Kuvendit, akuzoi kryeministrin Edi Rama p\u00ebr nd\u00ebrhyrje t\u00eb drejtp\u00ebrdrejt\u00eb n\u00eb nj\u00eb \u00e7\u00ebshtje hetimore q\u00eb\u00a0lidhet me Belinda Ballukun.<\/p>\n<p>Berisha tha se, d\u00ebnoj me forc\u00ebn m\u00eb t\u00eb madhe nd\u00ebrhyrjen brutale t\u00eb Edi Ram\u00ebs pran\u00eb prokurorit q\u00eb ka dosjen e Lubi Ballukut.<\/p>\n<p>\u201cPor un\u00eb jam k\u00ebtu p\u00ebr t\u00eb d\u00ebnuar me forc\u00ebn m\u00eb t\u00eb madhe nd\u00ebrhyrjen brutale t\u00eb Edi Ram\u00ebs pran\u00eb prokurorit q\u00eb ka dosjen e Lubi Ballukut.<\/p>\n<p>Telefonat\u00ebn k\u00ebrc\u00ebnuese q\u00eb i ka b\u00ebr\u00eb atij dhe \u00e7do lloj k\u00ebrc\u00ebnimi tjet\u00ebr q\u00eb i \u00ebsht\u00eb b\u00ebr\u00eb nj\u00eb prokurori, i cili i gjetur para d\u00ebshmitar\u00ebve dhe fakteve t\u00eb pakund\u00ebrshtueshme, me shkrim, me film dhe \u00e7do gj\u00eb, ka marr\u00eb vendimin e duhur&#8230;<\/p>\n<p>&#8230;Prova, un\u00eb u them ju me garanci dhe siguri t\u00eb plot\u00eb q\u00eb ai \u00ebsht\u00eb k\u00ebrc\u00ebnuar, por Edi Rama k\u00ebt\u00eb nuk e pranon dot, sepse \u00ebsht\u00eb i regjistruar&#8230;<\/p>\n<p>&#8230;Altin Dumani \u00ebsht\u00eb ndoshta nj\u00eb nga k\u00ebrc\u00ebnuesit e tij. Altin Dumani \u00ebsht\u00eb nj\u00eb nga ata q\u00eb i ka th\u00ebn\u00eb, pak a shum\u00eb po e perifrazoj, mendo p\u00ebr kok\u00ebn t\u00ebnde.<\/p>\n<p>Por t\u00eb mos hyj n\u00eb at\u00eb pun\u00eb. Ai i Altinit \u00ebsht\u00eb m\u00eb pak, por k\u00ebrc\u00ebnimi i Ram\u00ebs \u00ebsht\u00eb shum\u00eb m\u00eb tep\u00ebr.<\/p>\n<p>K\u00ebrc\u00ebnimi i Ram\u00ebs \u00ebsht\u00eb nj\u00eb skandal shum\u00eb i madh.<\/p>\n<p>Se e di ti se po th\u00ebrret z\u00ebvend\u00ebskryeministren\u201d, tha Berisha.<\/p>\n","protected":false},"excerpt":{"rendered":"<p>Kryetari i PD, \u00a0Sali Berisha, n\u00eb nj\u00eb deklarat\u00eb p\u00ebr mediat jasht\u00eb Kuvendit, akuzoi kryeministrin Edi Rama p\u00ebr nd\u00ebrhyrje t\u00eb drejtp\u00ebrdrejt\u00eb n\u00eb nj\u00eb \u00e7\u00ebshtje hetimore q\u00eb\u00a0lidhet me Belinda Ballukun. Berisha tha se, d\u00ebnoj me forc\u00ebn m\u00eb t\u00eb madhe nd\u00ebrhyrjen brutale t\u00eb Edi Ram\u00ebs pran\u00eb prokurorit q\u00eb ka dosjen e Lubi Ballukut. \u201cPor un\u00eb jam k\u00ebtu p\u00ebr &hellip;<\/p>\n","protected":false},"author":4,"featured_media":122212,"comment_status":"closed","ping_status":"closed","sticky":false,"template":"","format":"standard","meta":{"footnotes":""},"categories":[37],"tags":[],"class_list":["post-126953","post","type-post","status-publish","format-standard","has-post-thumbnail","","category-politike"],"_links":{"self":[{"href":"https:\/\/rdnews.al\/index.php\/wp-json\/wp\/v2\/posts\/126953","targetHints":{"allow":["GET"]}}],"collection":[{"href":"https:\/\/rdnews.al\/index.php\/wp-json\/wp\/v2\/posts"}],"about":[{"href":"https:\/\/rdnews.al\/index.php\/wp-json\/wp\/v2\/types\/post"}],"author":[{"embeddable":true,"href":"https:\/\/rdnews.al\/index.php\/wp-json\/wp\/v2\/users\/4"}],"replies":[{"embeddable":true,"href":"https:\/\/rdnews.al\/index.php\/wp-json\/wp\/v2\/comments?post=126953"}],"version-history":[{"count":1,"href":"https:\/\/rdnews.al\/index.php\/wp-json\/wp\/v2\/posts\/126953\/revisions"}],"predecessor-version":[{"id":126954,"href":"https:\/\/rdnews.al\/index.php\/wp-json\/wp\/v2\/posts\/126953\/revisions\/126954"}],"wp:featuredmedia":[{"embeddable":true,"href":"https:\/\/rdnews.al\/index.php\/wp-json\/wp\/v2\/media\/122212"}],"wp:attachment":[{"href":"https:\/\/rdnews.al\/index.php\/wp-json\/wp\/v2\/media?parent=126953"}],"wp:term":[{"taxonomy":"category","embeddable":true,"href":"https:\/\/rdnews.al\/index.php\/wp-json\/wp\/v2\/categories?post=126953"},{"taxonomy":"post_tag","embeddable":true,"href":"https:\/\/rdnews.al\/index.php\/wp-json\/wp\/v2\/tags?post=126953"}],"curies":[{"name":"wp","href":"https:\/\/api.w.org\/{rel}","templated":true}]}}