{"id":126963,"date":"2025-10-30T11:38:54","date_gmt":"2025-10-30T11:38:54","guid":{"rendered":"https:\/\/rdnews.al\/?p=126963"},"modified":"2025-10-30T11:38:54","modified_gmt":"2025-10-30T11:38:54","slug":"balliu-po-anashkaloni-komisionet-e-kerkuara-nga-opozita-per-mcgonigal-dhe-11-majin","status":"publish","type":"post","link":"https:\/\/rdnews.al\/index.php\/2025\/10\/30\/balliu-po-anashkaloni-komisionet-e-kerkuara-nga-opozita-per-mcgonigal-dhe-11-majin\/","title":{"rendered":"Balliu: Po anashkaloni komisionet e k\u00ebrkuara nga opozita p\u00ebr \u201cMcGonigal\u201d dhe \u201c11 Majin\u201d"},"content":{"rendered":"<p>Deputeti i PD, Klevis Balliu l\u00ebshoi akuza t\u00eb forta ndaj drejtimit t\u00eb seanc\u00ebs s\u00eb Kuvendit. Gjat\u00eb fjal\u00ebs s\u00eb tij, ai vuri n\u00eb pik\u00ebpyetje integritetin e proceseve parlamentare, duke u fokusuar n\u00eb dy pika ky\u00e7e: zvarritjen e komisioneve t\u00eb r\u00ebnd\u00ebsishme hetimore dhe nj\u00eb votim t\u00eb cilin e quajti t\u00eb manipuluar.<\/p>\n<p>Balliu tha se, komisionet p\u00ebr \u00e7\u00ebshtjen &#8220;McGonigal&#8221; dhe at\u00eb t\u00eb zgjedhjeve po anashkalohen q\u00ebllimisht p\u00ebrmes nj\u00eb rendi dite t\u00eb pap\u00ebrshtatsh\u00ebm. Por pika m\u00eb e nxeht\u00eb e fjalimit t\u00eb tij ishte denoncimi i nj\u00eb votimi t\u00eb kryer pa transparenc\u00eb.<\/p>\n<p>&#8220;Faleminderit kryetar. Duke ju referuar dhe rendit t\u00eb dit\u00ebs, keni \u00e7uar dy komisionet hetimore t\u00eb cilat jan\u00eb tejet t\u00eb r\u00ebnd\u00ebsishme, edhe sipas atij rendit dite q\u00eb keni caktuar, i bie q\u00eb ato komisione hetimore duhet t\u00eb zhvillohen n\u00eb dy apo tre t\u00eb gjeset si her\u00ebn e fundit dhe si\u00e7 e pam\u00eb, nuk kishte kuptim vazhdimi i seanc\u00ebs dhe her\u00ebn e fundit.<\/p>\n<p>Do t\u00eb ishte mir\u00eb q\u00eb ta rishikonit, meq\u00ebn\u00ebse kan\u00eb nj\u00eb r\u00ebnd\u00ebsi t\u00eb ve\u00e7ant\u00eb, qoft\u00eb raporti, qoft\u00eb komisioni p\u00ebr McGonigal, qoft\u00eb ajo p\u00ebr zgjedhjet, t\u00eb afroheshin ato dhe t\u00eb ndryshoheshe rendi i dit\u00ebs.<\/p>\n<p>S\u00eb dyti, duke ju referuar edhe fjalimit tuaj zoti kryetar, b\u00ebm\u00eb nj\u00eb, b\u00ebm\u00eb nj\u00eb, b\u00ebm\u00eb nj\u00eb votim pa shpjeguar asgj\u00eb, pa i dh\u00ebn\u00eb mund\u00ebsin\u00eb as p\u00ebr replik\u00eb, pavar\u00ebsisht se kishit gjith\u00eb fjalimin se sa konstruktiv duhet t\u00eb jemi, dhe nuk jepet fjala as p\u00ebr replik\u00eb dhe nuk njoftohet as se p\u00ebr \u00e7far\u00eb po votohet, as se si po votohet.<\/p>\n<p>Vet\u00ebm dhe vet\u00ebm p\u00ebr t\u00eb b\u00ebr\u00eb disa media t\u00eb pushtetit nj\u00eb lajm, jo e votuam, jo s&#8217;e votuam.<\/p>\n<p>N\u00eb qoft\u00eb se do i p\u00ebrmbahemi qoft\u00eb edhe vet\u00eb fjalimit tuaj, do t\u00eb ishte korrekte q\u00eb ai proces votimi t\u00eb b\u00ebhet si\u00e7 duhet.<\/p>\n<p>Dhe jo duke folur nj\u00eb zonj\u00eb aty n\u00ebp\u00ebr dh\u00ebmb pa marr\u00eb vesh askush se \u00e7far\u00eb u tha apo se p\u00ebr \u00e7far\u00eb po votojm\u00eb\u201d, tha Balliu.<\/p>\n","protected":false},"excerpt":{"rendered":"<p>Deputeti i PD, Klevis Balliu l\u00ebshoi akuza t\u00eb forta ndaj drejtimit t\u00eb seanc\u00ebs s\u00eb Kuvendit. Gjat\u00eb fjal\u00ebs s\u00eb tij, ai vuri n\u00eb pik\u00ebpyetje integritetin e proceseve parlamentare, duke u fokusuar n\u00eb dy pika ky\u00e7e: zvarritjen e komisioneve t\u00eb r\u00ebnd\u00ebsishme hetimore dhe nj\u00eb votim t\u00eb cilin e quajti t\u00eb manipuluar. Balliu tha se, komisionet p\u00ebr \u00e7\u00ebshtjen &hellip;<\/p>\n","protected":false},"author":4,"featured_media":105842,"comment_status":"closed","ping_status":"closed","sticky":false,"template":"","format":"standard","meta":{"footnotes":""},"categories":[37],"tags":[],"class_list":["post-126963","post","type-post","status-publish","format-standard","has-post-thumbnail","","category-politike"],"_links":{"self":[{"href":"https:\/\/rdnews.al\/index.php\/wp-json\/wp\/v2\/posts\/126963","targetHints":{"allow":["GET"]}}],"collection":[{"href":"https:\/\/rdnews.al\/index.php\/wp-json\/wp\/v2\/posts"}],"about":[{"href":"https:\/\/rdnews.al\/index.php\/wp-json\/wp\/v2\/types\/post"}],"author":[{"embeddable":true,"href":"https:\/\/rdnews.al\/index.php\/wp-json\/wp\/v2\/users\/4"}],"replies":[{"embeddable":true,"href":"https:\/\/rdnews.al\/index.php\/wp-json\/wp\/v2\/comments?post=126963"}],"version-history":[{"count":1,"href":"https:\/\/rdnews.al\/index.php\/wp-json\/wp\/v2\/posts\/126963\/revisions"}],"predecessor-version":[{"id":126964,"href":"https:\/\/rdnews.al\/index.php\/wp-json\/wp\/v2\/posts\/126963\/revisions\/126964"}],"wp:featuredmedia":[{"embeddable":true,"href":"https:\/\/rdnews.al\/index.php\/wp-json\/wp\/v2\/media\/105842"}],"wp:attachment":[{"href":"https:\/\/rdnews.al\/index.php\/wp-json\/wp\/v2\/media?parent=126963"}],"wp:term":[{"taxonomy":"category","embeddable":true,"href":"https:\/\/rdnews.al\/index.php\/wp-json\/wp\/v2\/categories?post=126963"},{"taxonomy":"post_tag","embeddable":true,"href":"https:\/\/rdnews.al\/index.php\/wp-json\/wp\/v2\/tags?post=126963"}],"curies":[{"name":"wp","href":"https:\/\/api.w.org\/{rel}","templated":true}]}}