{"id":126965,"date":"2025-10-30T11:43:49","date_gmt":"2025-10-30T11:43:49","guid":{"rendered":"https:\/\/rdnews.al\/?p=126965"},"modified":"2025-10-30T11:43:49","modified_gmt":"2025-10-30T11:43:49","slug":"zhupa-keni-uzurpuar-hapesirat-e-opozites-parlamentare","status":"publish","type":"post","link":"https:\/\/rdnews.al\/index.php\/2025\/10\/30\/zhupa-keni-uzurpuar-hapesirat-e-opozites-parlamentare\/","title":{"rendered":"Zhupa: Keni uzurpuar hap\u00ebsirat e opozit\u00ebs parlamentare!"},"content":{"rendered":"<p>Deputetja e PD, Ina Zhupa denoncoi vendimin e mazhoranc\u00ebs p\u00ebr t\u00eb shkurtuar n\u00eb m\u00ebnyr\u00eb drastike koh\u00ebn e debatit p\u00ebr raportimet vjetore t\u00eb institucioneve t\u00eb pavarura. Sipas saj, marr\u00ebveshja fillestare n\u00eb Konferenc\u00ebn e Kryetar\u00ebve ishte p\u00ebr 150 minuta, nj\u00eb koh\u00eb e menduar p\u00ebr t\u00eb lejuar nj\u00eb diskutim t\u00eb thelluar dhe pjes\u00ebmarrjen e t\u00eb gjitha forcave politike.<\/p>\n<p>Reduktimi n\u00eb 90 minuta, sipas opozit\u00ebs, \u00ebsht\u00eb nj\u00eb &#8216;uzurpim i hap\u00ebsirave&#8217; dhe nj\u00eb p\u00ebrpjekje p\u00ebr t\u00eb shmangur debatin p\u00ebr tema delikate. K\u00ebrkesa e opozit\u00ebs \u00ebsht\u00eb e qart\u00eb: rikthimi te marr\u00ebveshja e 150 minutave p\u00ebr t\u00eb garantuar nj\u00eb debat real dhe jo formal.<\/p>\n<p>\u201cN\u00eb konferenc\u00ebn e kryetar\u00ebve, kur kan\u00eb filluar diskutimet p\u00ebr raportimin e institucioneve t\u00eb pavarura, kemi diskutuar q\u00eb n\u00eb krye t\u00eb her\u00ebs q\u00eb koha e vendosur bashkarisht do t\u00eb ishte 150 minuta p\u00ebr raportim dhe k\u00ebt\u00eb nuk e kemi vendosur thjesht sepse ra bingo atij numri, por duke llogaritur q\u00eb t&#8217;i jepnim mund\u00ebsi edhe grupeve t\u00eb vogla parlamentare q\u00eb t\u00eb kishin koh\u00eb p\u00ebr t\u00eb diskutuar.<\/p>\n<p>Ju sot n\u00eb m\u00ebnyr\u00eb unilaterale, vet\u00ebm me veten tuaj, keni vendosur q\u00eb koh\u00ebn ta kaloni n\u00eb 90 minuta p\u00ebr raportim. Dhe keni, dhe keni uzurpuar hap\u00ebsirat e opozit\u00ebs parlamentare. 90 minuta p\u00ebr 140 deputet\u00eb i bie 35 sekonda p\u00ebr deputet n\u00eb qoft\u00eb se duhet t\u00eb flasin p\u00ebr raportimet.<\/p>\n<p>Dhe grupet q\u00eb kan\u00eb shtat\u00eb veta deputet\u00eb, pra grupet parlamentare, i bie tre minuta p\u00ebr t\u00eb gjith\u00eb grupin. Dhe kjo nuk \u00ebsht\u00eb normale aq m\u00eb tep\u00ebr q\u00eb sot kemi INSTAT-in, q\u00eb \u00ebsht\u00eb instituti i manipulimit t\u00eb t\u00eb dh\u00ebnave p\u00ebr gjendjen e inflacionit n\u00eb Shqip\u00ebri, p\u00ebr gjendjen e popullsis\u00eb n\u00eb Shqip\u00ebri, p\u00ebr gjendjen e bujq\u00ebsis\u00eb n\u00eb Shqip\u00ebri, mbi t\u00eb cilat ngrihen ato politikat tuaja t\u00eb rreme.<\/p>\n<p>Kur ne sot kemi sh\u00ebrbimin civil q\u00eb \u00ebsht\u00eb kthyer n\u00eb rrjetin e patronazhimit t\u00eb administrat\u00ebs publike p\u00ebr hir t\u00eb interesave elektorale. Dhe ne i kemi dh\u00ebn\u00eb 150 minuta Agjencis\u00eb s\u00eb Depozitave, Komisionerit t\u00eb Mbrojtjes s\u00eb Diskriminimit, ISKK-s\u00eb, e institucioneve t\u00eb tjera dhe jo vet\u00ebm atyre t\u00eb drejt\u00ebsis\u00eb.<\/p>\n<p>Pra, do t&#8217;ju lutesha t&#8217;i ktheheni asaj q\u00eb \u00ebsht\u00eb dakord\u00ebsuar, q\u00eb t\u00eb mund t\u00eb marrin 150 minuta p\u00ebr secilin nga raportimet e institucioneve t\u00eb pavarura n\u00eb respektim t\u00eb t\u00eb drejt\u00ebs s\u00eb deputet\u00ebve p\u00ebr t\u00eb folur brenda koh\u00ebs s\u00eb arsyeshme. Nga ana tjet\u00ebr, ju mendoni se duke, seanc\u00eb pas seance, duke i hequr nj\u00eb t\u00eb drejt\u00eb opozit\u00ebs, do t\u00eb arrini&#8230;<\/p>\n<p>Zoti Balla, njoftimi \u00ebsht\u00eb zyrtar, n\u00eb faqen e Kuvendit. Shikojeni. \u00cbsht\u00eb, \u00ebsht\u00eb 90 minuta n\u00eb konferenc\u00ebn e kryetar\u00ebve.<\/p>\n<p>Dhe a do t\u00ebrhiqeni? Po ju e keni marr\u00eb vendimin para nj\u00eb ore, tani do t\u00ebrhiqeni. T\u00ebrhiquni! Do t&#8217;ju b\u00ebnte nder t\u00eb t\u00ebrhiqeni\u201d, tha Zhupa.<\/p>\n","protected":false},"excerpt":{"rendered":"<p>Deputetja e PD, Ina Zhupa denoncoi vendimin e mazhoranc\u00ebs p\u00ebr t\u00eb shkurtuar n\u00eb m\u00ebnyr\u00eb drastike koh\u00ebn e debatit p\u00ebr raportimet vjetore t\u00eb institucioneve t\u00eb pavarura. Sipas saj, marr\u00ebveshja fillestare n\u00eb Konferenc\u00ebn e Kryetar\u00ebve ishte p\u00ebr 150 minuta, nj\u00eb koh\u00eb e menduar p\u00ebr t\u00eb lejuar nj\u00eb diskutim t\u00eb thelluar dhe pjes\u00ebmarrjen e t\u00eb gjitha forcave politike. &hellip;<\/p>\n","protected":false},"author":4,"featured_media":14553,"comment_status":"closed","ping_status":"closed","sticky":false,"template":"","format":"standard","meta":{"footnotes":""},"categories":[37],"tags":[],"class_list":["post-126965","post","type-post","status-publish","format-standard","has-post-thumbnail","","category-politike"],"_links":{"self":[{"href":"https:\/\/rdnews.al\/index.php\/wp-json\/wp\/v2\/posts\/126965","targetHints":{"allow":["GET"]}}],"collection":[{"href":"https:\/\/rdnews.al\/index.php\/wp-json\/wp\/v2\/posts"}],"about":[{"href":"https:\/\/rdnews.al\/index.php\/wp-json\/wp\/v2\/types\/post"}],"author":[{"embeddable":true,"href":"https:\/\/rdnews.al\/index.php\/wp-json\/wp\/v2\/users\/4"}],"replies":[{"embeddable":true,"href":"https:\/\/rdnews.al\/index.php\/wp-json\/wp\/v2\/comments?post=126965"}],"version-history":[{"count":1,"href":"https:\/\/rdnews.al\/index.php\/wp-json\/wp\/v2\/posts\/126965\/revisions"}],"predecessor-version":[{"id":126966,"href":"https:\/\/rdnews.al\/index.php\/wp-json\/wp\/v2\/posts\/126965\/revisions\/126966"}],"wp:featuredmedia":[{"embeddable":true,"href":"https:\/\/rdnews.al\/index.php\/wp-json\/wp\/v2\/media\/14553"}],"wp:attachment":[{"href":"https:\/\/rdnews.al\/index.php\/wp-json\/wp\/v2\/media?parent=126965"}],"wp:term":[{"taxonomy":"category","embeddable":true,"href":"https:\/\/rdnews.al\/index.php\/wp-json\/wp\/v2\/categories?post=126965"},{"taxonomy":"post_tag","embeddable":true,"href":"https:\/\/rdnews.al\/index.php\/wp-json\/wp\/v2\/tags?post=126965"}],"curies":[{"name":"wp","href":"https:\/\/api.w.org\/{rel}","templated":true}]}}