{"id":126967,"date":"2025-10-30T11:48:04","date_gmt":"2025-10-30T11:48:04","guid":{"rendered":"https:\/\/rdnews.al\/?p=126967"},"modified":"2025-10-30T17:34:22","modified_gmt":"2025-10-30T17:34:22","slug":"protesta-e-minatoreve-te-spacit-pra-kuvendit-tabaku-po-i-terheqin-zvarre-si-halabake","status":"publish","type":"post","link":"https:\/\/rdnews.al\/index.php\/2025\/10\/30\/protesta-e-minatoreve-te-spacit-pra-kuvendit-tabaku-po-i-terheqin-zvarre-si-halabake\/","title":{"rendered":"Protesta e minator\u00ebve t\u00eb Spa\u00e7it para Kuvendit, Tabaku: Po i t\u00ebrheqin zvarr\u00eb si halabak\u00eb!"},"content":{"rendered":"<p>Deputetja e PD, Jorida Tabaku, denoncoi nga foltorja situat\u00ebn e r\u00ebnd\u00eb me t\u00eb cil\u00ebn po p\u00ebrballen minator\u00ebt, t\u00eb cil\u00ebt nd\u00ebrkoh\u00eb ishin mbledhur n\u00eb protest\u00eb jasht\u00eb ambienteve t\u00eb parlamentit.<\/p>\n<p>Sipas deputetes Tabaku, protesta e minator\u00ebve vjen p\u00ebr dy arsye kryesore. E para, ajo denoncoi nj\u00eb &#8220;trajtim \u00e7njer\u00ebzor&#8221; nga ana e Policis\u00eb s\u00eb Shtetit dy jav\u00eb m\u00eb par\u00eb, duke theksuar se punonj\u00ebsit ishin t\u00ebrhequr zvarr\u00eb. Ajo kritikoi heshtjen e Ministris\u00eb s\u00eb Brendshme p\u00ebr k\u00ebt\u00eb ngjarje, duke e cil\u00ebsuar t\u00eb pakonceptueshme dhun\u00ebn e ushtruar ndaj tyre.<\/p>\n<p>\u201cZoti kryetar, e kam k\u00ebrkuar q\u00eb n\u00eb fillim t\u00eb seanc\u00ebs fjal\u00ebn p\u00ebr dy \u00e7\u00ebshtje shum\u00eb t\u00eb r\u00ebnd\u00ebsishme. Ministrja e Ekonomis\u00eb nuk \u00ebsht\u00eb k\u00ebtu n\u00eb fakt, po Ministri i Brendsh\u00ebm \u00ebsht\u00eb k\u00ebtu. Minator\u00ebt e Spa\u00e7it jan\u00eb duke protestuar jasht\u00eb k\u00ebsaj salle p\u00ebr dy arsye t\u00eb r\u00ebnd\u00ebsishme. E para, p\u00ebr trajtimin \u00e7njer\u00ebzor q\u00eb policia e shtetit i b\u00ebri atyre dy jav\u00eb m\u00eb par\u00eb dhe un\u00eb nuk kam d\u00ebgjuar absolutisht asnj\u00eb koment nga Ministria e Brendshme. \u00cbsht\u00eb e pakonceptueshme q\u00eb minator\u00ebt t\u00eb merren e t\u00ebrhiqen zvarr\u00eb nga drejtor\u00ebt e policis\u00eb. Dhe e dyta, ministrja e Ekonomis\u00eb duhet menj\u00ebher\u00eb t\u00eb takohet me p\u00ebrfaq\u00ebsin\u00eb e tyre. E drejta e pun\u00ebs \u00ebsht\u00eb e drejt\u00eb e shenjt\u00eb n\u00eb k\u00ebt\u00eb vend. Nuk mundet nj\u00eb kompani private t&#8217;i pengoj\u00eb k\u00ebto minator\u00eb t\u00eb organizohen, t\u00eb ken\u00eb k\u00ebrkesat e tyre, t\u00eb protestojn\u00eb p\u00ebr m\u00eb shum\u00eb t\u00eb drejta.<\/p>\n<p>Dhe kjo q\u00eb po ndodh me k\u00ebto minator\u00eb \u00ebsht\u00eb \u00e7njer\u00ebzore. N\u00eb em\u00ebr t\u00eb Partis\u00eb Demokratike kam depozituar n\u00eb sesionin e kaluar, do ta ridepozitoj p\u00ebrs\u00ebri statusin e minatorit, q\u00eb qeveria refuzoi ta marri parasysh. \u00cbsht\u00eb nj\u00eb \u00e7\u00ebshtje shum\u00eb e r\u00ebnd\u00ebsishme sepse ato jan\u00eb grupi i cili penalizohen m\u00eb shum\u00eb, q\u00eb punojn\u00eb m\u00eb shum\u00eb, me kushte m\u00eb t\u00eb v\u00ebshtira. N\u00ebntoka shqiptare \u00ebsht\u00eb jasht\u00ebzakonisht e pasur dhe ato njer\u00ebz q\u00eb punojn\u00eb me n\u00ebntok\u00ebn, sot po shfryt\u00ebzohen.<\/p>\n<p>K\u00ebshtu q\u00eb, edhe n\u00eb em\u00ebr t\u00eb grupit parlamentar t\u00eb Partis\u00eb Demokratike, i k\u00ebrkoj ministrit t\u00eb Brendsh\u00ebm q\u00eb t\u00eb dali dhe t\u00eb jap\u00eb llogari p\u00ebr sjelljen \u00e7njer\u00ebzore q\u00eb policia e shtetit \u00ebsht\u00eb sjell\u00eb me ato minator\u00eb, si halabak\u00eb rrug\u00ebsh i kan\u00eb marr\u00eb, i kan\u00eb t\u00ebrhequr zvarr\u00eb punonj\u00ebsit. Dhe ministres s\u00eb Ekonomis\u00eb t\u00eb takoj\u00eb nj\u00eb p\u00ebrfaq\u00ebsi t\u00eb tyre dhe t\u00eb diskutojn\u00eb se cilat jan\u00eb problemet dhe pse k\u00ebto punonj\u00ebs sot po pushohen nga puna\u201d, tha Tabaku.<\/p>\n","protected":false},"excerpt":{"rendered":"<p>Deputetja e PD, Jorida Tabaku, denoncoi nga foltorja situat\u00ebn e r\u00ebnd\u00eb me t\u00eb cil\u00ebn po p\u00ebrballen minator\u00ebt, t\u00eb cil\u00ebt nd\u00ebrkoh\u00eb ishin mbledhur n\u00eb protest\u00eb jasht\u00eb ambienteve t\u00eb parlamentit. Sipas deputetes Tabaku, protesta e minator\u00ebve vjen p\u00ebr dy arsye kryesore. E para, ajo denoncoi nj\u00eb &#8220;trajtim \u00e7njer\u00ebzor&#8221; nga ana e Policis\u00eb s\u00eb Shtetit dy jav\u00eb m\u00eb &hellip;<\/p>\n","protected":false},"author":4,"featured_media":126682,"comment_status":"closed","ping_status":"closed","sticky":false,"template":"","format":"standard","meta":{"footnotes":""},"categories":[37],"tags":[],"class_list":["post-126967","post","type-post","status-publish","format-standard","has-post-thumbnail","","category-politike"],"_links":{"self":[{"href":"https:\/\/rdnews.al\/index.php\/wp-json\/wp\/v2\/posts\/126967","targetHints":{"allow":["GET"]}}],"collection":[{"href":"https:\/\/rdnews.al\/index.php\/wp-json\/wp\/v2\/posts"}],"about":[{"href":"https:\/\/rdnews.al\/index.php\/wp-json\/wp\/v2\/types\/post"}],"author":[{"embeddable":true,"href":"https:\/\/rdnews.al\/index.php\/wp-json\/wp\/v2\/users\/4"}],"replies":[{"embeddable":true,"href":"https:\/\/rdnews.al\/index.php\/wp-json\/wp\/v2\/comments?post=126967"}],"version-history":[{"count":2,"href":"https:\/\/rdnews.al\/index.php\/wp-json\/wp\/v2\/posts\/126967\/revisions"}],"predecessor-version":[{"id":126972,"href":"https:\/\/rdnews.al\/index.php\/wp-json\/wp\/v2\/posts\/126967\/revisions\/126972"}],"wp:featuredmedia":[{"embeddable":true,"href":"https:\/\/rdnews.al\/index.php\/wp-json\/wp\/v2\/media\/126682"}],"wp:attachment":[{"href":"https:\/\/rdnews.al\/index.php\/wp-json\/wp\/v2\/media?parent=126967"}],"wp:term":[{"taxonomy":"category","embeddable":true,"href":"https:\/\/rdnews.al\/index.php\/wp-json\/wp\/v2\/categories?post=126967"},{"taxonomy":"post_tag","embeddable":true,"href":"https:\/\/rdnews.al\/index.php\/wp-json\/wp\/v2\/tags?post=126967"}],"curies":[{"name":"wp","href":"https:\/\/api.w.org\/{rel}","templated":true}]}}