{"id":126987,"date":"2025-10-30T18:10:44","date_gmt":"2025-10-30T18:10:44","guid":{"rendered":"https:\/\/rdnews.al\/?p=126987"},"modified":"2025-10-30T18:10:44","modified_gmt":"2025-10-30T18:10:44","slug":"basha-pas-daljes-nga-spak-duhet-te-ruaj-sekretin-hetimor","status":"publish","type":"post","link":"https:\/\/rdnews.al\/index.php\/2025\/10\/30\/basha-pas-daljes-nga-spak-duhet-te-ruaj-sekretin-hetimor\/","title":{"rendered":"Basha pas daljes nga SPAK: Duhet t\u00eb ruaj sekretin hetimor!"},"content":{"rendered":"<p>Ish-kryetari i PD, Lulzim Basha, u paraqit sot n\u00eb Prokurorin\u00eb e Posa\u00e7me Kund\u00ebr Korrupsionit dhe Krimit t\u00eb Organizuar (SPAK), ku q\u00ebndroi p\u00ebr m\u00eb shum\u00eb se nj\u00eb or\u00eb.<\/p>\n<p>Pas daljes nga ambientet e SPAK, Basha u ndal shkurtimisht p\u00ebrpara gazetar\u00ebve, duke theksuar se nuk mund t\u00eb jap\u00eb detaje p\u00ebr shkak t\u00eb hetimeve q\u00eb po zhvillohen.<\/p>\n<p>\u201c<em style=\"font-weight: inherit;\">Duhet t\u00eb ruaj sekretin hetimor, nj\u00eb her\u00eb tjet\u00ebr do t\u00eb kem konferenc\u00eb p\u00ebr shtyp<\/em>\u201d, tha ai.<\/p>\n<p>Basha \u00ebsht\u00eb thirrur n\u00eb cil\u00ebsin\u00eb e personit q\u00eb ka dijeni p\u00ebr hetimet q\u00eb lidhen me ngjarjet e 21 janarit 2011, kur Basha mbante postin e ministrit t\u00eb Brendsh\u00ebm.<\/p>\n","protected":false},"excerpt":{"rendered":"<p>Ish-kryetari i PD, Lulzim Basha, u paraqit sot n\u00eb Prokurorin\u00eb e Posa\u00e7me Kund\u00ebr Korrupsionit dhe Krimit t\u00eb Organizuar (SPAK), ku q\u00ebndroi p\u00ebr m\u00eb shum\u00eb se nj\u00eb or\u00eb. Pas daljes nga ambientet e SPAK, Basha u ndal shkurtimisht p\u00ebrpara gazetar\u00ebve, duke theksuar se nuk mund t\u00eb jap\u00eb detaje p\u00ebr shkak t\u00eb hetimeve q\u00eb po zhvillohen. \u201cDuhet &hellip;<\/p>\n","protected":false},"author":4,"featured_media":126988,"comment_status":"closed","ping_status":"closed","sticky":false,"template":"","format":"standard","meta":{"footnotes":""},"categories":[37],"tags":[],"class_list":["post-126987","post","type-post","status-publish","format-standard","has-post-thumbnail","","category-politike"],"_links":{"self":[{"href":"https:\/\/rdnews.al\/index.php\/wp-json\/wp\/v2\/posts\/126987","targetHints":{"allow":["GET"]}}],"collection":[{"href":"https:\/\/rdnews.al\/index.php\/wp-json\/wp\/v2\/posts"}],"about":[{"href":"https:\/\/rdnews.al\/index.php\/wp-json\/wp\/v2\/types\/post"}],"author":[{"embeddable":true,"href":"https:\/\/rdnews.al\/index.php\/wp-json\/wp\/v2\/users\/4"}],"replies":[{"embeddable":true,"href":"https:\/\/rdnews.al\/index.php\/wp-json\/wp\/v2\/comments?post=126987"}],"version-history":[{"count":1,"href":"https:\/\/rdnews.al\/index.php\/wp-json\/wp\/v2\/posts\/126987\/revisions"}],"predecessor-version":[{"id":126989,"href":"https:\/\/rdnews.al\/index.php\/wp-json\/wp\/v2\/posts\/126987\/revisions\/126989"}],"wp:featuredmedia":[{"embeddable":true,"href":"https:\/\/rdnews.al\/index.php\/wp-json\/wp\/v2\/media\/126988"}],"wp:attachment":[{"href":"https:\/\/rdnews.al\/index.php\/wp-json\/wp\/v2\/media?parent=126987"}],"wp:term":[{"taxonomy":"category","embeddable":true,"href":"https:\/\/rdnews.al\/index.php\/wp-json\/wp\/v2\/categories?post=126987"},{"taxonomy":"post_tag","embeddable":true,"href":"https:\/\/rdnews.al\/index.php\/wp-json\/wp\/v2\/tags?post=126987"}],"curies":[{"name":"wp","href":"https:\/\/api.w.org\/{rel}","templated":true}]}}