{"id":127002,"date":"2025-10-30T18:28:14","date_gmt":"2025-10-30T18:28:14","guid":{"rendered":"https:\/\/rdnews.al\/?p=127002"},"modified":"2025-10-30T18:28:14","modified_gmt":"2025-10-30T18:28:14","slug":"policia-tallet-sdo-perseritet-avokati-i-popullit-deklaron-se-arrestimi-i-metes-ishte-i-paligjshem","status":"publish","type":"post","link":"https:\/\/rdnews.al\/index.php\/2025\/10\/30\/policia-tallet-sdo-perseritet-avokati-i-popullit-deklaron-se-arrestimi-i-metes-ishte-i-paligjshem\/","title":{"rendered":"Policia tallet: S&#8217;do p\u00ebrs\u00ebritet\/ Avokati i Popullit deklaron se arrestimi i Met\u00ebs ishte i paligjsh\u00ebm"},"content":{"rendered":"<p>Avokatja e Popullit deklaroi ne Parlament se kan\u00eb konstatuar shkelje nga policia e shtetit, n\u00eb arrestimin e Met\u00ebs.<\/p>\n<p>Po ashtu, shkelje ligjore p\u00ebr Avokatin e Popullit ka qen\u00eb dhe prezenca e Forcave t\u00eb Nd\u00ebrhyrjes s\u00eb Shpejt\u00eb gjat\u00eb arrestimit.<\/p>\n<p>&nbsp;<\/p>\n<p>&nbsp;<\/p>\n<p>\u201cNe i kemi drejtuar nj\u00eb rekomandim policis\u00eb s\u00eb shtetit dhe ministris\u00eb s\u00eb Brendshme n\u00eb lidhje me momentin e arrestimit t\u00eb zotit Meta. Ne nuk kemi gjetur shkelje t\u00eb institucioneve t\u00eb drejt\u00ebsis\u00eb, ne kemi nj\u00eb mandat shum\u00eb t\u00eb kufizuar si avokat i Popullit. Ne nuk merremi me merit\u00ebn, me thelbin e vendimmarrjeve,<\/p>\n<p>P\u00ebrsa i p\u00ebrket policis\u00eb s\u00eb shtetit, kemi gjetur shkelje. Ajo q\u00eb kemi identifikuar s\u00eb fundmi se m\u00ebnyra e ndalimit \u00ebhst\u00eb b\u00ebr\u00eb n\u00eb kund\u00ebrshtim me ligjin pasi nuk \u00ebsht\u00eb ruajtur dinjiteti njer\u00ebzor i zotit Meta. \u00cbsht\u00eb nj\u00eb nga ato c\u00ebshtje q\u00eb duhet trajtuar me seriozitet. Dinjiteti i \u00e7dokujt do t\u00eb ishte i c\u00ebnuar.<\/p>\n<p>Nj\u00eb shkelje tjet\u00ebr q\u00eb ne gjet\u00ebm, n\u00eb rastin konkret kishin nd\u00ebrhyr\u00eb Forcat Speciale, t\u00eb cilat me ligj nd\u00ebrhyjn\u00eb vet\u00ebm n\u00eb rastet kur personi shfaq rrezikshm\u00ebri t\u00eb shtuar\u201d, tha avokatja e Popullit.<\/p>\n<p>Ballanca shtoi m\u00eb tej se nuk kishte asnj\u00eb justifikim nga policia e shtetit, por n\u00eb 2 dokumentet q\u00eb jan\u00eb marr\u00eb nga zoti Meta, nuk \u00ebsht\u00eb identifikuar dhun\u00eb ndaj tij as n\u00eb momentin e hyrjes s\u00eb bllokut t\u00eb siguris\u00eb.<\/p>\n<p>\u201cN\u00eb lidhje me pretendimin se duhet t\u00eb kishte persona nga BKH apo SPAK, ky pretendim nuk gjen mb\u00ebshtetje ligjore.<\/p>\n<p>Kemi patur nj\u00eb p\u00ebrgjigje nga policia e shtetit n\u00eb lidhje me k\u00ebt\u00eb rekomandim, e kan\u00eb marr\u00eb \u00a0n\u00eb konsiderat\u00eb dhe do ta ken\u00eb n\u00eb kujdes p\u00ebr rastet e ardhshme\u201d, tha Ballanca.<\/p>\n","protected":false},"excerpt":{"rendered":"<p>Avokatja e Popullit deklaroi ne Parlament se kan\u00eb konstatuar shkelje nga policia e shtetit, n\u00eb arrestimin e Met\u00ebs. Po ashtu, shkelje ligjore p\u00ebr Avokatin e Popullit ka qen\u00eb dhe prezenca e Forcave t\u00eb Nd\u00ebrhyrjes s\u00eb Shpejt\u00eb gjat\u00eb arrestimit. &nbsp; &nbsp; \u201cNe i kemi drejtuar nj\u00eb rekomandim policis\u00eb s\u00eb shtetit dhe ministris\u00eb s\u00eb Brendshme n\u00eb lidhje &hellip;<\/p>\n","protected":false},"author":3,"featured_media":127003,"comment_status":"closed","ping_status":"closed","sticky":false,"template":"","format":"standard","meta":{"footnotes":""},"categories":[37],"tags":[],"class_list":["post-127002","post","type-post","status-publish","format-standard","has-post-thumbnail","","category-politike"],"_links":{"self":[{"href":"https:\/\/rdnews.al\/index.php\/wp-json\/wp\/v2\/posts\/127002","targetHints":{"allow":["GET"]}}],"collection":[{"href":"https:\/\/rdnews.al\/index.php\/wp-json\/wp\/v2\/posts"}],"about":[{"href":"https:\/\/rdnews.al\/index.php\/wp-json\/wp\/v2\/types\/post"}],"author":[{"embeddable":true,"href":"https:\/\/rdnews.al\/index.php\/wp-json\/wp\/v2\/users\/3"}],"replies":[{"embeddable":true,"href":"https:\/\/rdnews.al\/index.php\/wp-json\/wp\/v2\/comments?post=127002"}],"version-history":[{"count":1,"href":"https:\/\/rdnews.al\/index.php\/wp-json\/wp\/v2\/posts\/127002\/revisions"}],"predecessor-version":[{"id":127004,"href":"https:\/\/rdnews.al\/index.php\/wp-json\/wp\/v2\/posts\/127002\/revisions\/127004"}],"wp:featuredmedia":[{"embeddable":true,"href":"https:\/\/rdnews.al\/index.php\/wp-json\/wp\/v2\/media\/127003"}],"wp:attachment":[{"href":"https:\/\/rdnews.al\/index.php\/wp-json\/wp\/v2\/media?parent=127002"}],"wp:term":[{"taxonomy":"category","embeddable":true,"href":"https:\/\/rdnews.al\/index.php\/wp-json\/wp\/v2\/categories?post=127002"},{"taxonomy":"post_tag","embeddable":true,"href":"https:\/\/rdnews.al\/index.php\/wp-json\/wp\/v2\/tags?post=127002"}],"curies":[{"name":"wp","href":"https:\/\/api.w.org\/{rel}","templated":true}]}}