{"id":127005,"date":"2025-10-30T18:43:47","date_gmt":"2025-10-30T18:43:47","guid":{"rendered":"https:\/\/rdnews.al\/?p=127005"},"modified":"2025-10-30T18:43:47","modified_gmt":"2025-10-30T18:43:47","slug":"ndoja-reforma-ne-drejtesi-u-be-per-te-burgosur-lideret-e-opozites-dhe-pastruar-ps-ne","status":"publish","type":"post","link":"https:\/\/rdnews.al\/index.php\/2025\/10\/30\/ndoja-reforma-ne-drejtesi-u-be-per-te-burgosur-lideret-e-opozites-dhe-pastruar-ps-ne\/","title":{"rendered":"Ndoja: Reforma n\u00eb drejt\u00ebsi u b\u00eb p\u00ebr t\u00eb burgosur lider\u00ebt e opozit\u00ebs dhe pastruar PS-n\u00eb!"},"content":{"rendered":"<p>Deputeti i partis\u00eb Demokratike, Arjan Ndoja, foli sot nga foltorja e Parlamentit pas raportimit t\u00eb kryetares s\u00eb KLP-s\u00eb, ku vuri n\u00eb dukje defektet e reform\u00ebs n\u00eb drejt\u00ebsi, q\u00ebllimet e saj reale dhe pikat ku ka d\u00ebshtuar, duke mos dh\u00ebn\u00eb drejt\u00ebsi p\u00ebr qytetar\u00ebt.<\/p>\n<p>Ai tha se kjo reform\u00eb kishte vet\u00ebm nj\u00eb q\u00ebllim, q\u00eb t\u00eb burgoste krer\u00ebt e opozit\u00ebs dhe t\u00eb kroijonte autokraci, ku kryeministri intimidon gjyqtar\u00ebt dhe prokuror\u00ebt.<\/p>\n<p><em>\u201cKjo reform\u00eb p\u00ebr mendimin tim u b\u00eb vet\u00ebm me nj\u00eb q\u00ebllim. T\u00eb goditen lider\u00ebt e opozit\u00ebs dhe t\u00eb futen n\u00eb burg. T\u00eb pastrohen radh\u00ebt e Partis\u00eb Socialiste, n\u00ebp\u00ebrmjet nj\u00eb mekanizmi t\u00eb posa\u00e7\u00ebm, q\u00eb \u00ebsht\u00eb sistemi gjyq\u00ebsor. E treta p\u00ebr t\u00eb v\u00ebn\u00eb n\u00ebn presion psikologjik shoq\u00ebrin\u00eb dhe ve\u00e7an\u00ebrisht oligark\u00ebt, q\u00eb gjenden n\u00ebn trysnin\u00eb e k\u00ebtij pushteti dhe psikologjis\u00eb s\u00eb frik\u00ebs dhe dhun\u00ebs. K\u00ebto jan\u00eb shenja t\u00eb autokracis\u00eb. Gjith\u00eb ky intimidim q\u00eb b\u00ebn kryeministri ndaj gjyq\u00ebsorit, k\u00ebrkon edhe reagim konkret nga KLP dhe KLGJ jo vet\u00ebm p\u00ebr nj\u00eb \u00e7\u00ebshtje konkrete por edhe p\u00ebr raste intimidimi q\u00eb p\u00ebrfshijn\u00eb t\u00eb gjith\u00eb\u201d, u shpreh ligjv\u00ebn\u00ebsi.<\/em><\/p>\n<p>Ndoja analizoi me detaje t\u00eb gjith\u00eb dinamik\u00ebn dhjet\u00ebvje\u00e7are t\u00eb reform\u00ebs, duke komentuar \u00e7do q\u00ebllim t\u00eb deklaruar. Ndoja deklaroi se e vetmja arritje ka qen\u00eb shkurtimi i proceseve me 16 dit\u00eb, pasi standardet, dh\u00ebnia e drejt\u00ebsis\u00eb, eficenca apo aksesi, nuk ishin arritur.<\/p>\n<p><em>\u201cFondacioni p\u00ebr Shoq\u00ebrin\u00eb e Hapur n\u00eb kuad\u00ebr t\u00eb reform\u00ebs b\u00ebri edhe nj\u00eb spot publicitar ku deklaronte 5 pika si q\u00ebllime t\u00eb reform\u00ebs n\u00eb drejt\u00ebsi. Po e p\u00ebrmend k\u00ebt\u00eb fakt se keni ngritur dor\u00ebn 140 deputet\u00eb, t\u00eb majt\u00eb e t\u00eb djatht\u00eb. Reforma k\u00ebrkonte t\u00eb rregullonte korrupsionin, e dyta \u00ebsht\u00eb mungesa e pavar\u00ebsis\u00eb s\u00eb sistemit gjyq\u00ebsor, e treta \u00ebsht\u00eb zgjatja e afateve, e kat\u00ebrta standardet e ul\u00ebta etike dhe profesionalizmi n\u00eb gjyq\u00ebsor, e pesta \u00ebsht\u00eb aksesi n\u00eb gjyq\u00ebsor\u201d, tha deputeti.<\/em><\/p>\n<p>Ligjv\u00ebn\u00ebsi kujtoi se e vetmja arritje ishte shkurtimi qesharak i proceseve, kurse profesionalizmi dhe mungesa e burimeve njer\u00ebzore \u00ebsht\u00eb e dukshme.<\/p>\n<p><em>\u201cE vetmja arritje n\u00eb k\u00ebt\u00eb reform\u00eb \u00ebsht\u00eb se prokuror\u00ebt jan\u00eb b\u00ebr\u00eb t\u00eb pavarur, duhet pranuar. Por nga ana tjet\u00ebr sa i p\u00ebrket pavar\u00ebsis\u00eb, n\u00eb KLP dhe KLGJ, ku kryetari i tyre thuhet se nuk duhet t\u00eb jet\u00eb nga gjyq\u00ebsori, kjo \u00ebsht\u00eb ulje p\u00ebr mendimin tim. Titullari \u00ebsht\u00eb shum\u00eb i r\u00ebnd\u00ebsish\u00ebm dhe ne e shohim at\u00eb edhe k\u00ebtu, q\u00eb lidhet me rregulloren dhe funksionimin. Koh\u00ebzgjatja rezulton se nga viti 2023 deri n\u00eb 2024, \u00ebsht\u00eb shkurtuar vet\u00ebm me 16 dit\u00eb, n\u00ebse afati e ka 9 vite apo 16 vite, p\u00ebr t\u00eb dyja \u00ebsht\u00eb shkurtuar vet\u00ebm me 16 dit\u00eb dhe ky \u00ebsht\u00eb fakt i duksh\u00ebm e din\u00eb t\u00eb gjith\u00eb. N\u00ebse kjo mund t\u00eb quhet arritje pas 10 vitesh, e thon\u00eb edhe koleg\u00ebt e mi dhe baballar\u00ebt e reform\u00ebs q\u00eb kjo nuk \u00ebsht\u00eb arritje? Standarde t\u00eb ul\u00ebta dhe profesionalizmi duket se ka ulje dhe mendoj se edhe ky objektiv nuk \u00ebsht\u00eb arritur. Nuk kemi arritur te standardet individuale q\u00eb jan\u00eb k\u00ebrkuar apo ishin objektiv t\u00eb reform\u00ebs\u201d, analizoi ai.<\/em><\/p>\n<p>Ndoja tha se sistemi gjyq\u00ebsor \u00ebsht\u00eb n\u00eb kaos, ku vuan nga mbingarkesa e \u00e7\u00ebshtjeve prej reform\u00ebs gjyq\u00ebsore, ku tani kemi vet\u00ebm nj\u00eb Apel. P\u00ebr t\u00eb, kjo reform\u00eb nuk ishte e mir\u00ebmenduar.<\/p>\n<p><em>\u201cAksesi n\u00eb drejt\u00ebsi, e kemi par\u00eb se sa funksionon ai. Mjafton t\u00eb p\u00ebrmendim se kemi vet\u00ebm nj\u00eb Gjykat\u00eb Apeli n\u00eb vend apo edhe n\u00eb gjykatat e juridiksionit. B\u00ebm\u00eb nj\u00eb Apel me q\u00ebllimin e paritetit, q\u00eb ta marrin sh\u00ebrbimin nj\u00eblloj t\u00eb gjith\u00eb, por kjo qe e gabuar. Reforma n\u00eb fjalor dhe terminologji do t\u00eb thot\u00eb p\u00ebrmir\u00ebsim dhe p\u00ebr mendimin tim nuk kemi reform\u00eb. Metodologjia e saj \u00ebsht\u00eb e gabuar dhe mendoj se nuk \u00ebsht\u00eb e mir\u00ebmenduar. U godit\u00ebn burimet njer\u00ebzore. T\u00eb gjith\u00eb element\u00ebt e tjer\u00eb jan\u00eb t\u00eb gabuar. Pra reforma nuk ia arriti q\u00ebllimit. SPAK nuk zgjidh gjith\u00e7ka, ajo ka vet\u00ebm 1,37% t\u00eb t\u00eb gjitha \u00e7\u00ebshtjeve\u201d, komentoi deputeti demokrat.<\/em><\/p>\n","protected":false},"excerpt":{"rendered":"<p>Deputeti i partis\u00eb Demokratike, Arjan Ndoja, foli sot nga foltorja e Parlamentit pas raportimit t\u00eb kryetares s\u00eb KLP-s\u00eb, ku vuri n\u00eb dukje defektet e reform\u00ebs n\u00eb drejt\u00ebsi, q\u00ebllimet e saj reale dhe pikat ku ka d\u00ebshtuar, duke mos dh\u00ebn\u00eb drejt\u00ebsi p\u00ebr qytetar\u00ebt. Ai tha se kjo reform\u00eb kishte vet\u00ebm nj\u00eb q\u00ebllim, q\u00eb t\u00eb burgoste krer\u00ebt &hellip;<\/p>\n","protected":false},"author":3,"featured_media":127006,"comment_status":"closed","ping_status":"closed","sticky":false,"template":"","format":"standard","meta":{"footnotes":""},"categories":[37],"tags":[],"class_list":["post-127005","post","type-post","status-publish","format-standard","has-post-thumbnail","","category-politike"],"_links":{"self":[{"href":"https:\/\/rdnews.al\/index.php\/wp-json\/wp\/v2\/posts\/127005","targetHints":{"allow":["GET"]}}],"collection":[{"href":"https:\/\/rdnews.al\/index.php\/wp-json\/wp\/v2\/posts"}],"about":[{"href":"https:\/\/rdnews.al\/index.php\/wp-json\/wp\/v2\/types\/post"}],"author":[{"embeddable":true,"href":"https:\/\/rdnews.al\/index.php\/wp-json\/wp\/v2\/users\/3"}],"replies":[{"embeddable":true,"href":"https:\/\/rdnews.al\/index.php\/wp-json\/wp\/v2\/comments?post=127005"}],"version-history":[{"count":1,"href":"https:\/\/rdnews.al\/index.php\/wp-json\/wp\/v2\/posts\/127005\/revisions"}],"predecessor-version":[{"id":127007,"href":"https:\/\/rdnews.al\/index.php\/wp-json\/wp\/v2\/posts\/127005\/revisions\/127007"}],"wp:featuredmedia":[{"embeddable":true,"href":"https:\/\/rdnews.al\/index.php\/wp-json\/wp\/v2\/media\/127006"}],"wp:attachment":[{"href":"https:\/\/rdnews.al\/index.php\/wp-json\/wp\/v2\/media?parent=127005"}],"wp:term":[{"taxonomy":"category","embeddable":true,"href":"https:\/\/rdnews.al\/index.php\/wp-json\/wp\/v2\/categories?post=127005"},{"taxonomy":"post_tag","embeddable":true,"href":"https:\/\/rdnews.al\/index.php\/wp-json\/wp\/v2\/tags?post=127005"}],"curies":[{"name":"wp","href":"https:\/\/api.w.org\/{rel}","templated":true}]}}