{"id":127009,"date":"2025-10-30T18:56:08","date_gmt":"2025-10-30T18:56:08","guid":{"rendered":"https:\/\/rdnews.al\/?p=127009"},"modified":"2025-10-30T18:56:08","modified_gmt":"2025-10-30T18:56:08","slug":"kriza-rama-shba-ministri-thote-se-i-intereson-vetem-be-per-kodin-e-ri-penal","status":"publish","type":"post","link":"https:\/\/rdnews.al\/index.php\/2025\/10\/30\/kriza-rama-shba-ministri-thote-se-i-intereson-vetem-be-per-kodin-e-ri-penal\/","title":{"rendered":"Kriza, Rama-SHBA\/ Ministri thot\u00eb se i intereson vet\u00ebm BE p\u00ebr Kodin e ri Penal"},"content":{"rendered":"<p><strong>Deri dje mburreshin se reforma n\u00eb drejt\u00ebsi ishte projekt i mb\u00ebshtetur nga SHBA dhe BE. N\u00eb t\u00eb gjitha takimet qeveria shoq\u00ebrohej nga njer\u00ebz t\u00eb SHBA dhe BE si kopertur\u00eb e reform\u00ebs ne drejt\u00ebsi. Po gj\u00ebrat kan\u00eb ndryshuar. Tanim\u00eb qeveria nuk i p\u00ebrmend m\u00eb Shtetet e Bashkuara. P\u00ebr Kodin e ri Penal ministri i Ram\u00ebs thot\u00eb se i intereson vet\u00ebm dakort\u00ebsia e BE, por jo m\u00eb e Shteteve t\u00eb Bashkuara. Esht\u00eb e qart\u00eb se k\u00ebto jan\u00eb shenja t\u00eb tjera t\u00eb nj\u00eb krize n\u00eb marr\u00ebdh\u00ebniet e regjimit me Shtetet e Bashkuara. <\/strong><\/p>\n<p><strong>SHBA nuk ftohet t\u00eb asistohet p\u00ebr Kodin e ri Penal sepse SHBA nuk ka m\u00eb kukullat e Soros n\u00eb pushtet dhe se Rama nuk ka garanci p\u00ebr t\u00eb marr\u00eb mb\u00ebshtetjen p\u00ebr at\u00eb q\u00eb k\u00ebrkon t\u00eb b\u00ebj\u00eb.\u00a0<\/strong><\/p>\n<p>Ministri i Drejt\u00ebsis\u00eb, Besfort Lamallari, n\u00eb fjal\u00ebn e tij gjat\u00eb seanc\u00ebs s\u00eb sotme n\u00eb Kuvend, duke iu p\u00ebrgjigjur interesimit t\u00eb deputet\u00ebve p\u00ebr Kodin e ri Penal, tha se ky produkt do t\u00eb jet\u00eb dokumenti m\u00eb i mir\u00eb q\u00eb kemi patur ndonj\u00ebher\u00eb.<\/p>\n<p>Lamallari tha gjithashtu se, Kodi i ri Penal do t\u00eb marr\u00eb dakord\u00ebsin\u00eb e Bashkimit Evropian. Sipas ministrit t\u00eb Drejt\u00ebsis\u00eb, Kodi Penal nuk matet me numrin e dispozitave, por me cil\u00ebsin\u00eb dhe garancit\u00eb q\u00eb jep.<\/p>\n<p>\u201cUn\u00eb nuk mendoj q\u00eb Kodi Penal matet me numrin e dispozitave q\u00eb ai ka, por n\u00eb thelb matet me cil\u00ebsin\u00eb dhe garancit\u00eb q\u00eb ai ofron n\u00eb mbrojtje t\u00eb interesit publik, t\u00eb qytetar\u00ebve, t\u00eb ekonomis\u00eb dhe parandalimit t\u00eb tendencave kriminale.<\/p>\n","protected":false},"excerpt":{"rendered":"<p>Deri dje mburreshin se reforma n\u00eb drejt\u00ebsi ishte projekt i mb\u00ebshtetur nga SHBA dhe BE. N\u00eb t\u00eb gjitha takimet qeveria shoq\u00ebrohej nga njer\u00ebz t\u00eb SHBA dhe BE si kopertur\u00eb e reform\u00ebs ne drejt\u00ebsi. Po gj\u00ebrat kan\u00eb ndryshuar. Tanim\u00eb qeveria nuk i p\u00ebrmend m\u00eb Shtetet e Bashkuara. P\u00ebr Kodin e ri Penal ministri i Ram\u00ebs thot\u00eb &hellip;<\/p>\n","protected":false},"author":3,"featured_media":127015,"comment_status":"closed","ping_status":"closed","sticky":false,"template":"","format":"standard","meta":{"footnotes":""},"categories":[37],"tags":[],"class_list":["post-127009","post","type-post","status-publish","format-standard","has-post-thumbnail","","category-politike"],"_links":{"self":[{"href":"https:\/\/rdnews.al\/index.php\/wp-json\/wp\/v2\/posts\/127009","targetHints":{"allow":["GET"]}}],"collection":[{"href":"https:\/\/rdnews.al\/index.php\/wp-json\/wp\/v2\/posts"}],"about":[{"href":"https:\/\/rdnews.al\/index.php\/wp-json\/wp\/v2\/types\/post"}],"author":[{"embeddable":true,"href":"https:\/\/rdnews.al\/index.php\/wp-json\/wp\/v2\/users\/3"}],"replies":[{"embeddable":true,"href":"https:\/\/rdnews.al\/index.php\/wp-json\/wp\/v2\/comments?post=127009"}],"version-history":[{"count":1,"href":"https:\/\/rdnews.al\/index.php\/wp-json\/wp\/v2\/posts\/127009\/revisions"}],"predecessor-version":[{"id":127017,"href":"https:\/\/rdnews.al\/index.php\/wp-json\/wp\/v2\/posts\/127009\/revisions\/127017"}],"wp:featuredmedia":[{"embeddable":true,"href":"https:\/\/rdnews.al\/index.php\/wp-json\/wp\/v2\/media\/127015"}],"wp:attachment":[{"href":"https:\/\/rdnews.al\/index.php\/wp-json\/wp\/v2\/media?parent=127009"}],"wp:term":[{"taxonomy":"category","embeddable":true,"href":"https:\/\/rdnews.al\/index.php\/wp-json\/wp\/v2\/categories?post=127009"},{"taxonomy":"post_tag","embeddable":true,"href":"https:\/\/rdnews.al\/index.php\/wp-json\/wp\/v2\/tags?post=127009"}],"curies":[{"name":"wp","href":"https:\/\/api.w.org\/{rel}","templated":true}]}}