{"id":127011,"date":"2025-10-30T18:51:13","date_gmt":"2025-10-30T18:51:13","guid":{"rendered":"https:\/\/rdnews.al\/?p=127011"},"modified":"2025-10-30T18:51:34","modified_gmt":"2025-10-30T18:51:34","slug":"berisha-i-vendos-foton-e-rames-me-mcgonigal-ne-karrigen-e-tij-keni-frike-e-tmerrr","status":"publish","type":"post","link":"https:\/\/rdnews.al\/index.php\/2025\/10\/30\/berisha-i-vendos-foton-e-rames-me-mcgonigal-ne-karrigen-e-tij-keni-frike-e-tmerrr\/","title":{"rendered":"Berisha vendos foton e Ram\u00ebs me McGonigal n\u00eb karrigen e tij: Keni frik\u00eb e tmerrr!"},"content":{"rendered":"<p>Kryetari i PD, Sali Berisha para se t\u00eb mbante fjalimin n\u00eb Kuvend \u00a0vendosi nj\u00eb foto t\u00eb Mc Gonigal dhe Ram\u00ebs b\u00ebr\u00eb n\u00eb zyr\u00ebn e kryeministrit.<\/p>\n<p>Fotoja u vendos tek karrigia bosh e Ram\u00ebs. Ministri Gogu e frye dhe posteri ra posht\u00eb. Nd\u00ebrkoh\u00eb Peleshi nd\u00ebrhyri: \u201cSikur kemi th\u00ebn\u00eb q\u00eb nuk lejohen posterat..\u201d<\/p>\n<p>Berisha e mori foton dhe e vendosi pran\u00eb tij n\u00eb foltore<\/p>\n<p><em>\u201cE v\u00ebm\u00eb k\u00ebtu se mediat e duan. Keni frik\u00eb e tmerrr nga mediat\u201d tha ai.<\/em><\/p>\n<p>Berisha e quajhti nj\u00eb prej skandaleve m\u00eb t\u00eb m\u00ebdha t\u00eb koh\u00ebs.<\/p>\n<p><em>\u201cSkandal nd\u00ebrkomb\u00ebtar q\u00eb bashkon n\u00eb nj\u00eb kryezbuluesin e FBI-s\u00eb, MC Gonigal, Edi Ram\u00ebn, ministra t\u00eb tij e zyrtar\u00eb, gjykat\u00ebs e prokuror\u00eb dhe dimensionet e k\u00ebtij skandali jan\u00eb ende t\u00eb pap\u00ebrcaktuara\u201d&#8230;<\/em><\/p>\n","protected":false},"excerpt":{"rendered":"<p>Kryetari i PD, Sali Berisha para se t\u00eb mbante fjalimin n\u00eb Kuvend \u00a0vendosi nj\u00eb foto t\u00eb Mc Gonigal dhe Ram\u00ebs b\u00ebr\u00eb n\u00eb zyr\u00ebn e kryeministrit. Fotoja u vendos tek karrigia bosh e Ram\u00ebs. Ministri Gogu e frye dhe posteri ra posht\u00eb. Nd\u00ebrkoh\u00eb Peleshi nd\u00ebrhyri: \u201cSikur kemi th\u00ebn\u00eb q\u00eb nuk lejohen posterat..\u201d Berisha e mori foton &hellip;<\/p>\n","protected":false},"author":4,"featured_media":127012,"comment_status":"closed","ping_status":"closed","sticky":false,"template":"","format":"standard","meta":{"footnotes":""},"categories":[37],"tags":[],"class_list":["post-127011","post","type-post","status-publish","format-standard","has-post-thumbnail","","category-politike"],"_links":{"self":[{"href":"https:\/\/rdnews.al\/index.php\/wp-json\/wp\/v2\/posts\/127011","targetHints":{"allow":["GET"]}}],"collection":[{"href":"https:\/\/rdnews.al\/index.php\/wp-json\/wp\/v2\/posts"}],"about":[{"href":"https:\/\/rdnews.al\/index.php\/wp-json\/wp\/v2\/types\/post"}],"author":[{"embeddable":true,"href":"https:\/\/rdnews.al\/index.php\/wp-json\/wp\/v2\/users\/4"}],"replies":[{"embeddable":true,"href":"https:\/\/rdnews.al\/index.php\/wp-json\/wp\/v2\/comments?post=127011"}],"version-history":[{"count":2,"href":"https:\/\/rdnews.al\/index.php\/wp-json\/wp\/v2\/posts\/127011\/revisions"}],"predecessor-version":[{"id":127014,"href":"https:\/\/rdnews.al\/index.php\/wp-json\/wp\/v2\/posts\/127011\/revisions\/127014"}],"wp:featuredmedia":[{"embeddable":true,"href":"https:\/\/rdnews.al\/index.php\/wp-json\/wp\/v2\/media\/127012"}],"wp:attachment":[{"href":"https:\/\/rdnews.al\/index.php\/wp-json\/wp\/v2\/media?parent=127011"}],"wp:term":[{"taxonomy":"category","embeddable":true,"href":"https:\/\/rdnews.al\/index.php\/wp-json\/wp\/v2\/categories?post=127011"},{"taxonomy":"post_tag","embeddable":true,"href":"https:\/\/rdnews.al\/index.php\/wp-json\/wp\/v2\/tags?post=127011"}],"curies":[{"name":"wp","href":"https:\/\/api.w.org\/{rel}","templated":true}]}}