{"id":127016,"date":"2025-10-30T18:57:11","date_gmt":"2025-10-30T18:57:11","guid":{"rendered":"https:\/\/rdnews.al\/?p=127016"},"modified":"2025-10-30T21:27:02","modified_gmt":"2025-10-30T21:27:02","slug":"berisha-drejtesi-e-munguar-shqiptaret-prej-16-vitesh-per-nje-proces-gjyqesor-kjo-ka-si-pasoje-vetegjyqesine","status":"publish","type":"post","link":"https:\/\/rdnews.al\/index.php\/2025\/10\/30\/berisha-drejtesi-e-munguar-shqiptaret-prej-16-vitesh-per-nje-proces-gjyqesor-kjo-ka-si-pasoje-vetegjyqesine\/","title":{"rendered":"Berisha: Drejt\u00ebsi e munguar! Shqiptar\u00ebt prej 16 vitesh p\u00ebr nj\u00eb proces gjyq\u00ebsor, kjo ka si pasoj\u00eb vet\u00ebgjyq\u00ebsin\u00eb"},"content":{"rendered":"<p>Kryetari i PD, Sali Berisha ngriti alarmin p\u00ebr zvarritjen e proceseve gjyq\u00ebsore, p\u00ebr shkak t\u00eb reformimit t\u00eb sistemit.<\/p>\n<p>N\u00eb fjal\u00ebn e tij n\u00eb seanc\u00ebn maraton\u00eb n\u00eb Kuvend, Berisha tha se shqiptar\u00ebve iu duhen t\u00eb pakt\u00ebn 16 vite p\u00ebr t\u00eb mbyllur procesin gjyq\u00ebsor n\u00eb t\u00eb gjitha shkall\u00ebt, nd\u00ebrsa kjo sipas kryedemokratit sjell p\u00ebr pasoj\u00eb edhe vet\u00ebgjyq\u00ebsin\u00eb.<\/p>\n<p>\u2018Drejt\u00ebsia 16 vjet n\u00eb pritje, \u00ebsht\u00eb drejt\u00ebsi q\u00eb mungon, drejt\u00ebsi q\u00eb krijon ato shp\u00ebrthime q\u00eb ne pam\u00eb nga ekzekutimi publik n\u00eb sall\u00ebn e gjyqit t\u00eb gjykat\u00ebsit, q\u00eb kurr\u00eb nuk pranohet sigurisht. Pra kemi t\u00eb b\u00ebjm\u00eb me mohimin e nj\u00eb t\u00eb drejte q\u00eb shqiptar\u00ebt e kan\u00eb g\u00ebzuar q\u00eb nga koha kur jan\u00eb ndar\u00eb nga shoq\u00ebria para shtet\u00ebrore\u2019, u shpreh Berisha.<\/p>\n<p>\u201cT\u00eb dashur qytetare dhe qytetar\u00eb.<\/p>\n<p>Zonja dhe zot\u00ebrinj. Sot debatojm\u00eb p\u00ebr raportin e veprimtaris\u00eb s\u00eb Avokatit t\u00eb Popullit n\u00eb nj\u00eb vend n\u00eb t\u00eb cilin Kushtetuta n\u00eb t\u00ebr\u00ebsi \u00ebsht\u00eb nj\u00eb let\u00ebr e vdekur, dhe t\u00eb drejtat m\u00eb themelore t\u00eb njeriut jo t\u00eb gjitha, por disa m\u00eb kryesoret faktikisht jan\u00eb t\u00eb humbura, jan\u00eb inekzistente.<\/p>\n<p>Sot me t\u00eb drejt\u00eb jan\u00eb trajtuar n\u00eb raport, paraburgimet masive, nj\u00eb d\u00ebshmi e sh\u00ebmtuar falimentimit t\u00eb drejt\u00ebsis\u00eb, nj\u00eb dhunim masiv i lirive dhe t\u00eb drejtave t\u00eb qytetar\u00ebve, nj\u00eb mohim i v\u00ebrtet\u00eb i t\u00eb drejt\u00ebs s\u00eb qytetarit shqiptar, p\u00ebr nj\u00eb proces t\u00eb ligjsh\u00ebm.<\/p>\n<p>Natyrisht n\u00eb k\u00ebt\u00eb dram\u00eb t\u00eb madhe, Avokati i Popullit ndodhet n\u00eb pozicionin \u2018bir Selman i n\u00ebn\u00ebn, cilin t\u00eb qaj m\u00eb par\u00eb\u2019.<\/p>\n<p>Nj\u00eb situat\u00eb dramatike si kjo ju garantoj se nuk ekziston sot n\u00eb asnj\u00eb diktatur\u00eb n\u00eb bot\u00eb.<\/p>\n<p>Qytetar\u00ebt e nj\u00eb vendi kan\u00eb t\u00eb drejta themelore dhe nj\u00ebra prej tyre \u00ebsht\u00eb procesi gjyq\u00ebsor i drejt\u00eb. Si n\u00eb asnj\u00eb vend tjet\u00ebr t\u00eb planetit, presin sipas zyrtar\u00ebve t\u00eb k\u00ebtyre institucioneve, 16 vite dhe nga vjet gjer sivjet, n\u00eb fakt zonj\u00eb e nderuar, kjo \u00ebsht\u00eb p\u00ebr t\u00eb qar\u00eb, jo p\u00ebr t\u00eb qeshur.<\/p>\n<p>Buz\u00ebqeshja jote nuk m\u00eb shqet\u00ebson, sepse buz\u00ebqeshja e njeriut duhet pranuar nuk ka t\u00eb keqe, por problemi \u00ebsht\u00eb se, kur mendoj un\u00eb q\u00eb shqiptar\u00ebt presin 16 vite p\u00ebr nj\u00eb proces gjyq\u00ebsor, dhe kjo ka si pasoj\u00eb vet\u00ebgjyq\u00ebsin\u00eb.<\/p>\n<p>Kur mendoj se ky mohim i k\u00ebsaj t\u00eb drejte ka sjell\u00eb 643 raste t\u00eb regjistruara vet\u00ebgjyq\u00ebsie, ka sjell\u00eb 180 vrasje, ka sjell\u00eb 220 plagosje, ka sjell\u00eb qindra vepra t\u00eb tjera penale.<\/p>\n<p>Kur mendoj un\u00eb se kreu i K\u00ebshillit t\u00eb Lart\u00eb t\u00eb Drejt\u00ebsis\u00eb deklaron me p\u00ebrgjegj\u00ebsi t\u00eb plot\u00eb se nga nj\u00eb vit n\u00eb vitin tjet\u00ebr, afati 16 vjetor, \u00ebsht\u00eb shkurtuar vet\u00ebm me 16 dit\u00eb ju garantoj se shqiptar\u00ebt dhe qytetar\u00ebt e bot\u00ebs n\u00eb \u00e7do vend, qoft\u00eb dhe n\u00eb diktatur\u00eb, jan\u00eb m\u00eb t\u00eb p\u00ebrfillur nga drejt\u00ebsia e tyre se sa n\u00eb Shqip\u00ebri. Drejt\u00ebsi e munguar.<\/p>\n<p>Drejt\u00ebsia 16 vjet n\u00eb pritje, \u00ebsht\u00eb drejt\u00ebsi q\u00eb mungon, drejt\u00ebsi q\u00eb krijon ato shp\u00ebrthime q\u00eb ne pam\u00eb nga ekzekutimi publik n\u00eb sall\u00ebn e gjyqit t\u00eb gjykat\u00ebsit, q\u00eb kurr\u00eb nuk pranohet sigurisht.<\/p>\n<p>Pra kemi t\u00eb b\u00ebjm\u00eb me mohimin e nj\u00eb t\u00eb drejte q\u00eb shqiptar\u00ebt e kan\u00eb g\u00ebzuar q\u00eb nga koha kur jan\u00eb ndar\u00eb nga shoq\u00ebria para shtet\u00ebrore.<\/p>\n<p>Edhe n\u00eb perandorin\u00eb otomane e kan\u00eb g\u00ebzuar, ka qen\u00eb ligji perandorak. Edhe n\u00eb koh\u00ebn e principatave e kan\u00eb g\u00ebzuar. Edhe gjat\u00eb diktatur\u00ebs e kan\u00eb g\u00ebzuar. Sot nuk e g\u00ebzojn\u00eb dot\u201d, u shpreh Berisha.<\/p>\n","protected":false},"excerpt":{"rendered":"<p>Kryetari i PD, Sali Berisha ngriti alarmin p\u00ebr zvarritjen e proceseve gjyq\u00ebsore, p\u00ebr shkak t\u00eb reformimit t\u00eb sistemit. N\u00eb fjal\u00ebn e tij n\u00eb seanc\u00ebn maraton\u00eb n\u00eb Kuvend, Berisha tha se shqiptar\u00ebve iu duhen t\u00eb pakt\u00ebn 16 vite p\u00ebr t\u00eb mbyllur procesin gjyq\u00ebsor n\u00eb t\u00eb gjitha shkall\u00ebt, nd\u00ebrsa kjo sipas kryedemokratit sjell p\u00ebr pasoj\u00eb edhe vet\u00ebgjyq\u00ebsin\u00eb. &hellip;<\/p>\n","protected":false},"author":4,"featured_media":127025,"comment_status":"closed","ping_status":"closed","sticky":false,"template":"","format":"standard","meta":{"footnotes":""},"categories":[134],"tags":[],"class_list":["post-127016","post","type-post","status-publish","format-standard","has-post-thumbnail","","category-news"],"_links":{"self":[{"href":"https:\/\/rdnews.al\/index.php\/wp-json\/wp\/v2\/posts\/127016","targetHints":{"allow":["GET"]}}],"collection":[{"href":"https:\/\/rdnews.al\/index.php\/wp-json\/wp\/v2\/posts"}],"about":[{"href":"https:\/\/rdnews.al\/index.php\/wp-json\/wp\/v2\/types\/post"}],"author":[{"embeddable":true,"href":"https:\/\/rdnews.al\/index.php\/wp-json\/wp\/v2\/users\/4"}],"replies":[{"embeddable":true,"href":"https:\/\/rdnews.al\/index.php\/wp-json\/wp\/v2\/comments?post=127016"}],"version-history":[{"count":1,"href":"https:\/\/rdnews.al\/index.php\/wp-json\/wp\/v2\/posts\/127016\/revisions"}],"predecessor-version":[{"id":127019,"href":"https:\/\/rdnews.al\/index.php\/wp-json\/wp\/v2\/posts\/127016\/revisions\/127019"}],"wp:featuredmedia":[{"embeddable":true,"href":"https:\/\/rdnews.al\/index.php\/wp-json\/wp\/v2\/media\/127025"}],"wp:attachment":[{"href":"https:\/\/rdnews.al\/index.php\/wp-json\/wp\/v2\/media?parent=127016"}],"wp:term":[{"taxonomy":"category","embeddable":true,"href":"https:\/\/rdnews.al\/index.php\/wp-json\/wp\/v2\/categories?post=127016"},{"taxonomy":"post_tag","embeddable":true,"href":"https:\/\/rdnews.al\/index.php\/wp-json\/wp\/v2\/tags?post=127016"}],"curies":[{"name":"wp","href":"https:\/\/api.w.org\/{rel}","templated":true}]}}