{"id":127023,"date":"2025-10-30T19:13:57","date_gmt":"2025-10-30T19:13:57","guid":{"rendered":"https:\/\/rdnews.al\/?p=127023"},"modified":"2025-10-30T19:13:57","modified_gmt":"2025-10-30T19:13:57","slug":"berisha-edi-rama-ia-dha-me-1-euro-token-karlo-bollinos-por-qytetaret-e-paguan-me-3-mln-euro","status":"publish","type":"post","link":"https:\/\/rdnews.al\/index.php\/2025\/10\/30\/berisha-edi-rama-ia-dha-me-1-euro-token-karlo-bollinos-por-qytetaret-e-paguan-me-3-mln-euro\/","title":{"rendered":"Berisha: Edi Rama ia dha me 1 euro tok\u00ebn Karlo Bollinos, por qytetar\u00ebt e paguan me 3 mln euro!"},"content":{"rendered":"<p>Kryetari i PD, Sali Berisha n\u00eb fjal\u00ebn e tij n\u00eb Parlament hodhi akuza n\u00eb adres\u00eb t\u00eb kryeministrit Edi Rama, kur tha se Karlo Bolinos, i dha pron\u00ebn publike me 1 euro, nd\u00ebrsa qytetar\u00ebt p\u00ebr tok\u00ebn paguajn\u00eb 3 milion euro.<\/p>\n<p>Berisha iu drejtua deputet\u00eb t\u00eb PS, errni vesh ju se ish-kryetarja e KLSH-s\u00eb kishte arritur t\u00eb marr\u00eb f\u00ebt e f\u00ebt shp\u00ebrblime n\u00ebp\u00ebrmjet gjykatave p\u00ebr 3 mln euro p\u00ebr tok\u00ebn e vet, nuk e mohoj. Toka ishte e familjes s\u00eb saj.<\/p>\n<p>\u201cSot ligjin e g\u00ebzojn\u00eb vet\u00ebm qeveritar\u00ebt.<\/p>\n<p>Merrni vesh ju se ish-kryetarja e KLSH-s\u00eb kishte arritur t\u00eb marr\u00eb f\u00ebt e f\u00ebt shp\u00ebrblime n\u00ebp\u00ebrmjet gjykatave p\u00ebr 3 mln euro p\u00ebr tok\u00ebn e vet, nuk e mohoj. Toka ishte e familjes s\u00eb saj.<\/p>\n<p>Por \u00e7far\u00eb paguan? Paguan tok\u00ebn q\u00eb i dha Edi Rama, Karlo Bollinos. Ia dha me 1 euro, qytetar\u00ebt e paguan me 3 mln euro.<\/p>\n<p>\u00c7far\u00eb drejt\u00ebsie b\u00ebhet fjal\u00eb, n\u00eb nj\u00eb vend q\u00eb zbardhja e nj\u00eb vendimi, sipas kreut t\u00eb qeveris\u00eb s\u00eb gjykat\u00ebsve k\u00ebrkon 1200 dit\u00eb.<\/p>\n<p>Jeni deputet\u00eb, shkoni n\u00eb burgjet q\u00eb lavd\u00ebron ai i \u00e7ant\u00ebs \u2018Luis Vuiton\u2019, dhe ik\u00ebn e ja mbath, mban nj\u00eb fjalim k\u00ebtu dhe ja mbath.<\/p>\n<p>Shkoni n\u00eb burgje dhe shifni ju aty, me qindra e qindra djem t\u00eb rinj q\u00eb nuk marrin dot vendimin e zbardhur, q\u00eb nuk din\u00eb p\u00ebr \u00e7far\u00eb jan\u00eb aty, q\u00eb jan\u00eb planifikuar t\u00ebr\u00ebsisht pa asnj\u00eb baz\u00eb\u201d, tha Berisha.<\/p>\n","protected":false},"excerpt":{"rendered":"<p>Kryetari i PD, Sali Berisha n\u00eb fjal\u00ebn e tij n\u00eb Parlament hodhi akuza n\u00eb adres\u00eb t\u00eb kryeministrit Edi Rama, kur tha se Karlo Bolinos, i dha pron\u00ebn publike me 1 euro, nd\u00ebrsa qytetar\u00ebt p\u00ebr tok\u00ebn paguajn\u00eb 3 milion euro. Berisha iu drejtua deputet\u00eb t\u00eb PS, errni vesh ju se ish-kryetarja e KLSH-s\u00eb kishte arritur t\u00eb &hellip;<\/p>\n","protected":false},"author":4,"featured_media":127018,"comment_status":"closed","ping_status":"closed","sticky":false,"template":"","format":"standard","meta":{"footnotes":""},"categories":[37],"tags":[],"class_list":["post-127023","post","type-post","status-publish","format-standard","has-post-thumbnail","","category-politike"],"_links":{"self":[{"href":"https:\/\/rdnews.al\/index.php\/wp-json\/wp\/v2\/posts\/127023","targetHints":{"allow":["GET"]}}],"collection":[{"href":"https:\/\/rdnews.al\/index.php\/wp-json\/wp\/v2\/posts"}],"about":[{"href":"https:\/\/rdnews.al\/index.php\/wp-json\/wp\/v2\/types\/post"}],"author":[{"embeddable":true,"href":"https:\/\/rdnews.al\/index.php\/wp-json\/wp\/v2\/users\/4"}],"replies":[{"embeddable":true,"href":"https:\/\/rdnews.al\/index.php\/wp-json\/wp\/v2\/comments?post=127023"}],"version-history":[{"count":1,"href":"https:\/\/rdnews.al\/index.php\/wp-json\/wp\/v2\/posts\/127023\/revisions"}],"predecessor-version":[{"id":127024,"href":"https:\/\/rdnews.al\/index.php\/wp-json\/wp\/v2\/posts\/127023\/revisions\/127024"}],"wp:featuredmedia":[{"embeddable":true,"href":"https:\/\/rdnews.al\/index.php\/wp-json\/wp\/v2\/media\/127018"}],"wp:attachment":[{"href":"https:\/\/rdnews.al\/index.php\/wp-json\/wp\/v2\/media?parent=127023"}],"wp:term":[{"taxonomy":"category","embeddable":true,"href":"https:\/\/rdnews.al\/index.php\/wp-json\/wp\/v2\/categories?post=127023"},{"taxonomy":"post_tag","embeddable":true,"href":"https:\/\/rdnews.al\/index.php\/wp-json\/wp\/v2\/tags?post=127023"}],"curies":[{"name":"wp","href":"https:\/\/api.w.org\/{rel}","templated":true}]}}