{"id":127029,"date":"2025-10-30T19:28:18","date_gmt":"2025-10-30T19:28:18","guid":{"rendered":"https:\/\/rdnews.al\/?p=127029"},"modified":"2025-10-30T19:28:18","modified_gmt":"2025-10-30T19:28:18","slug":"berisha-avokati-i-popullit-duhet-te-ngreje-fuqishem-zerin-ndaj-irena-gjokes-ka-shkelur-te-gjitha-ligjet","status":"publish","type":"post","link":"https:\/\/rdnews.al\/index.php\/2025\/10\/30\/berisha-avokati-i-popullit-duhet-te-ngreje-fuqishem-zerin-ndaj-irena-gjokes-ka-shkelur-te-gjitha-ligjet\/","title":{"rendered":"Berisha: Avokati i Popullit duhet t\u00eb ngrej\u00eb fuqish\u00ebm z\u00ebrin ndaj Irena Gjok\u00ebs, ka shkelur t\u00eb gjitha ligjet!"},"content":{"rendered":"<p>Kryetari i PD, Sali Berisha n\u00eb foltoren e Kuvendit i k\u00ebrkoi Avokatit t\u00eb Popullit t\u00eb ngrej\u00eb fuqish\u00ebm z\u00ebrin ndaj gjyqtares Irena Gjoka, sepse ka shkelur t\u00eb gjitha ligjet, t\u00eb dekriminalizimit, t\u00eb vetingut.<\/p>\n<p>Avokatja e Popullit Erinda Ballanca ishte sot n\u00eb Kuvend p\u00ebr t\u00eb raportuar p\u00ebr aktivitetin e k\u00ebtij institucioni p\u00ebr vitin 2024.<\/p>\n<p>\u201cAvokati i Popullit duhet t\u00eb ngrej\u00eb fuqish\u00ebm z\u00ebrin ndaj Irena Gjok\u00ebs, sepse ka shkelur t\u00eb gjitha ligjet, t\u00eb dekriminalizimit, t\u00eb vetingut<\/p>\n<p>Keni nj\u00eb gjykat\u00ebse famoze, zonja Avokate e Popullit, nj\u00eb gjykat\u00ebse q\u00eb nuk plot\u00ebson asnj\u00eb kusht p\u00ebr t\u00eb qen\u00eb gjykat\u00ebse.<\/p>\n<p>Nj\u00eb gjykat\u00ebse q\u00eb ka mashtruar, q\u00eb \u00ebsht\u00eb d\u00ebnuar me burg, q\u00eb \u00ebsht\u00eb p\u00ebrz\u00ebn\u00eb dhe shkel \u00e7do kusht ligjor p\u00ebr t\u00eb qen\u00eb gjykat\u00ebse.<\/p>\n<p>Ajo \u00ebsht\u00eb gjykat\u00ebsja e Ilir Met\u00ebs dhe ajo mbahet p\u00ebr dosjet e Ilir Met\u00ebs dhe dosjet e tjera politike.<\/p>\n<p>Un\u00eb e kuptoj se t\u00eb marrurit peng, Duman e kompani nuk shqiten dot prej saj, se jan\u00eb imazhi i saj, por Avokati i Popullit duhet t\u00eb ngrej\u00eb fuqish\u00ebm z\u00ebrin se Irena Gjoka \u00ebsht\u00eb turpi i njeriut, turpi i drejt\u00ebsis\u00eb.<\/p>\n<p>Sepse ka shkelur t\u00eb gjitha ligjet, t\u00eb dekriminalizimit, t\u00eb vetingut dhe \u00e7do ligj tjet\u00ebr.<\/p>\n<p>Ja pra me se mbahet drej\u00ebsia, reforma e re. Ku iku ky i \u2018Luis Vuiton\u2019, iku se edhe atij ja fshehin, ka paguar.<\/p>\n<p>O Ulusi edhe po ta kan\u00eb shitur Dumani, ty at\u00eb, un\u00eb e kam n\u00eb dosje regjistrimin t\u00ebnd. Nuk\u00a0ke shpres\u00eb q\u00eb t\u00eb dal\u00ebsh.<\/p>\n<p>Pra un\u00eb e kuptoj q\u00eb n\u00eb k\u00ebt\u00eb det abuziviteti, n\u00eb k\u00ebt\u00eb det vet\u00ebgjyq\u00ebsish, mungese ligji dhe respektimi t\u00eb tij, nj\u00eb njeri e ka t\u00eb v\u00ebshtir\u00eb t\u00eb b\u00ebj\u00eb ndryshimin, por njeriu duhet t\u00eb b\u00ebj\u00eb \u00e7do betej\u00eb n\u00eb em\u00ebr t\u00eb k\u00ebtyre interesave dhe ju zonja Avokate jeni nj\u00eb z\u00eb q\u00eb deri dit\u00ebn e fundit t\u00eb atij misioni, duhet t\u00eb d\u00ebgjoheni n\u00eb aren\u00ebn nd\u00ebrkomb\u00ebtare p\u00ebr t\u00eb demaskuar k\u00ebt\u00eb pseudoreform\u00eb korruptive, bat\u00ebrdi e cila p\u00ebrdoret sot nga Edi Rama p\u00ebr t\u00eb goditur kund\u00ebrshtar\u00ebt e tij.<\/p>\n<p>Ja ku e ke Belind\u00ebn sot, ku \u00ebsht\u00eb Lubia, me thuaj pak\u201d, tha Berisha.<\/p>\n","protected":false},"excerpt":{"rendered":"<p>Kryetari i PD, Sali Berisha n\u00eb foltoren e Kuvendit i k\u00ebrkoi Avokatit t\u00eb Popullit t\u00eb ngrej\u00eb fuqish\u00ebm z\u00ebrin ndaj gjyqtares Irena Gjoka, sepse ka shkelur t\u00eb gjitha ligjet, t\u00eb dekriminalizimit, t\u00eb vetingut. Avokatja e Popullit Erinda Ballanca ishte sot n\u00eb Kuvend p\u00ebr t\u00eb raportuar p\u00ebr aktivitetin e k\u00ebtij institucioni p\u00ebr vitin 2024. \u201cAvokati i Popullit &hellip;<\/p>\n","protected":false},"author":4,"featured_media":126721,"comment_status":"closed","ping_status":"closed","sticky":false,"template":"","format":"standard","meta":{"footnotes":""},"categories":[37],"tags":[],"class_list":["post-127029","post","type-post","status-publish","format-standard","has-post-thumbnail","","category-politike"],"_links":{"self":[{"href":"https:\/\/rdnews.al\/index.php\/wp-json\/wp\/v2\/posts\/127029","targetHints":{"allow":["GET"]}}],"collection":[{"href":"https:\/\/rdnews.al\/index.php\/wp-json\/wp\/v2\/posts"}],"about":[{"href":"https:\/\/rdnews.al\/index.php\/wp-json\/wp\/v2\/types\/post"}],"author":[{"embeddable":true,"href":"https:\/\/rdnews.al\/index.php\/wp-json\/wp\/v2\/users\/4"}],"replies":[{"embeddable":true,"href":"https:\/\/rdnews.al\/index.php\/wp-json\/wp\/v2\/comments?post=127029"}],"version-history":[{"count":1,"href":"https:\/\/rdnews.al\/index.php\/wp-json\/wp\/v2\/posts\/127029\/revisions"}],"predecessor-version":[{"id":127030,"href":"https:\/\/rdnews.al\/index.php\/wp-json\/wp\/v2\/posts\/127029\/revisions\/127030"}],"wp:featuredmedia":[{"embeddable":true,"href":"https:\/\/rdnews.al\/index.php\/wp-json\/wp\/v2\/media\/126721"}],"wp:attachment":[{"href":"https:\/\/rdnews.al\/index.php\/wp-json\/wp\/v2\/media?parent=127029"}],"wp:term":[{"taxonomy":"category","embeddable":true,"href":"https:\/\/rdnews.al\/index.php\/wp-json\/wp\/v2\/categories?post=127029"},{"taxonomy":"post_tag","embeddable":true,"href":"https:\/\/rdnews.al\/index.php\/wp-json\/wp\/v2\/tags?post=127029"}],"curies":[{"name":"wp","href":"https:\/\/api.w.org\/{rel}","templated":true}]}}