{"id":127033,"date":"2025-10-30T19:46:47","date_gmt":"2025-10-30T19:46:47","guid":{"rendered":"https:\/\/rdnews.al\/?p=127033"},"modified":"2025-10-30T19:46:47","modified_gmt":"2025-10-30T19:46:47","slug":"berisha-eshte-lule-nesti-angoni-i-pare-se-ceshte-nesti-angoni-i-dyte-do-ta-shihni","status":"publish","type":"post","link":"https:\/\/rdnews.al\/index.php\/2025\/10\/30\/berisha-eshte-lule-nesti-angoni-i-pare-se-ceshte-nesti-angoni-i-dyte-do-ta-shihni\/","title":{"rendered":"Berisha: \u00cbsht\u00eb lule Nesti Angoni i par\u00eb se \u00e7\u2019\u00ebsht\u00eb Nesti Angoni i dyt\u00eb! Do ta shihni&#8230;"},"content":{"rendered":"<p>Kryetari i PD, Sali Berisha deklaroi se, dy gj\u00ebra do e ndjekin Edi Ram\u00ebn gjer dit\u00ebn e fundit t\u00eb jet\u00ebs: \u2018djeg\u00ebsi i Tiran\u00ebs\u2019 dhe se kjo \u00e7\u00ebshtje \u2018\u00ebsht\u00eb skandali q\u00eb ai nuk do ta shmang\u00eb kurr\u00eb\u2019.<\/p>\n<p>Sipas tij, \u2018Edi Rama nuk shp\u00ebton kurr\u00eb nga djeg\u00ebsi i Tiran\u00ebs\u2019, pasi \u2018tani po dalin si lib\u00ebr edhe d\u00ebshmit\u00eb e Nesti Angonit\u2019. Kryetari i PD-s\u00eb, paralajm\u00ebroi zhvillime t\u00eb reja n\u00eb hetime. \u2018Prisni, prisni Nesti Angoni bis tani&#8230; \u00cbsht\u00eb lule Nesti Angoni i par\u00eb se \u00e7\u2019\u00ebsht\u00eb Nesti Angoni i dyt\u00eb. Do ta shihni&#8230; \u00a0\u00cbsht\u00eb lule Nesti Angoni i par\u00eb&#8230;\u2019, tha Berisha.<\/p>\n<p>\u201cDy gj\u00ebra do e ndjekin Edi Ram\u00ebn gjer dit\u00ebn ne fundit t\u00eb jet\u00ebs. Djeg\u00ebsi i Tiran\u00ebs. E dini ju se \u00e7far\u00eb ka th\u00ebn\u00eb ai prokurori q\u00eb e k\u00ebrc\u00ebnoi Rama?<\/p>\n<p>Ai ka mbajtur p\u00ebr muaj dhe vite ndoshta dosjen e inceneratorit t\u00eb Tiran\u00ebs, dhe kur i than\u00eb pse nuk e akuzove Erion Veliajn p\u00ebr djeg\u00ebsin e Tiran\u00ebs, jo tha, se m\u00eb duhej t\u00eb akuzoja Edi Ram\u00ebn.<\/p>\n<p>Ekzakt. Kjo \u00ebsht\u00eb e v\u00ebrteta.<\/p>\n<p>Edi Rama nuk shp\u00ebton kurr\u00eb nga djeg\u00ebsi i Tiran\u00ebs se tani po dalin si lib\u00ebr edhe d\u00ebshmit\u00eb e Nesti Angonit. Po, po.<\/p>\n<p>Edhe ato tani jan\u00eb.<\/p>\n<p>Prisni, prisni Nesti Angoni bis tani, se e shoh q\u00eb po k\u00ebnaqeni k\u00ebshtu. \u00cbsht\u00eb lule Nesti Angoni i par\u00eb se \u00e7\u2019\u00ebsht\u00eb Nesti Angoni i dyt\u00eb.<\/p>\n<p>Do ta shihni&#8230; \u00cbsht\u00eb lule\u201d, tha Berisha.<\/p>\n","protected":false},"excerpt":{"rendered":"<p>Kryetari i PD, Sali Berisha deklaroi se, dy gj\u00ebra do e ndjekin Edi Ram\u00ebn gjer dit\u00ebn e fundit t\u00eb jet\u00ebs: \u2018djeg\u00ebsi i Tiran\u00ebs\u2019 dhe se kjo \u00e7\u00ebshtje \u2018\u00ebsht\u00eb skandali q\u00eb ai nuk do ta shmang\u00eb kurr\u00eb\u2019. Sipas tij, \u2018Edi Rama nuk shp\u00ebton kurr\u00eb nga djeg\u00ebsi i Tiran\u00ebs\u2019, pasi \u2018tani po dalin si lib\u00ebr edhe d\u00ebshmit\u00eb &hellip;<\/p>\n","protected":false},"author":4,"featured_media":127025,"comment_status":"closed","ping_status":"closed","sticky":false,"template":"","format":"standard","meta":{"footnotes":""},"categories":[37],"tags":[],"class_list":["post-127033","post","type-post","status-publish","format-standard","has-post-thumbnail","","category-politike"],"_links":{"self":[{"href":"https:\/\/rdnews.al\/index.php\/wp-json\/wp\/v2\/posts\/127033","targetHints":{"allow":["GET"]}}],"collection":[{"href":"https:\/\/rdnews.al\/index.php\/wp-json\/wp\/v2\/posts"}],"about":[{"href":"https:\/\/rdnews.al\/index.php\/wp-json\/wp\/v2\/types\/post"}],"author":[{"embeddable":true,"href":"https:\/\/rdnews.al\/index.php\/wp-json\/wp\/v2\/users\/4"}],"replies":[{"embeddable":true,"href":"https:\/\/rdnews.al\/index.php\/wp-json\/wp\/v2\/comments?post=127033"}],"version-history":[{"count":1,"href":"https:\/\/rdnews.al\/index.php\/wp-json\/wp\/v2\/posts\/127033\/revisions"}],"predecessor-version":[{"id":127034,"href":"https:\/\/rdnews.al\/index.php\/wp-json\/wp\/v2\/posts\/127033\/revisions\/127034"}],"wp:featuredmedia":[{"embeddable":true,"href":"https:\/\/rdnews.al\/index.php\/wp-json\/wp\/v2\/media\/127025"}],"wp:attachment":[{"href":"https:\/\/rdnews.al\/index.php\/wp-json\/wp\/v2\/media?parent=127033"}],"wp:term":[{"taxonomy":"category","embeddable":true,"href":"https:\/\/rdnews.al\/index.php\/wp-json\/wp\/v2\/categories?post=127033"},{"taxonomy":"post_tag","embeddable":true,"href":"https:\/\/rdnews.al\/index.php\/wp-json\/wp\/v2\/tags?post=127033"}],"curies":[{"name":"wp","href":"https:\/\/api.w.org\/{rel}","templated":true}]}}