{"id":127038,"date":"2025-10-30T19:58:23","date_gmt":"2025-10-30T19:58:23","guid":{"rendered":"https:\/\/rdnews.al\/?p=127038"},"modified":"2025-10-30T20:25:42","modified_gmt":"2025-10-30T20:25:42","slug":"berisha-ulsiut-rama-e-kercenoi-prokurorin-nga-telefoni-yt-do-perfundosh-ne-kerkim-si-altin-hajri","status":"publish","type":"post","link":"https:\/\/rdnews.al\/index.php\/2025\/10\/30\/berisha-ulsiut-rama-e-kercenoi-prokurorin-nga-telefoni-yt-do-perfundosh-ne-kerkim-si-altin-hajri\/","title":{"rendered":"Berisha-Ulsiut: Rama e k\u00ebrc\u00ebnoi prokurorin nga telefoni yt! Do p\u00ebrfundosh n\u00eb k\u00ebrkim si Altin Hajri!"},"content":{"rendered":"<p>Kryetari i PD, Sali Berisha akuzoi ish-ministrin e Drejt\u00ebsis\u00eb, Ulsi Manja se Edi Rama ka p\u00ebrdorur telefonin e tij p\u00ebr t\u00eb k\u00ebrc\u00ebnuar nj\u00eb prokuror. \u2018Nga telefoni yt e mori prokurorin Edi Rama! Na thuaj pak? Edhe je i inkriminuar, sepse t\u00eb ka p\u00ebrdorur telefonin p\u00ebr t\u00eb k\u00ebrc\u00ebnuar gjykat\u00ebsin,\u2019 deklaroi Berisha.<br \/>\nSipas tij, Rama e ka trajtuar Manj\u00ebn si \u2018kok\u00eb turku\u2019, nd\u00ebrsa shtoi me ironi se \u2018t\u00eb mbron Altin Dumani sot, por nes\u00ebr nuk t\u00eb mbron njeri.\u2019<br \/>\nBerisha e akuzoi Manj\u00ebn p\u00ebr lidhje me \u00e7\u00ebshtjen e Altin Hajrit, duke e paralajm\u00ebruar se \u2018n\u00eb k\u00ebrkim do p\u00ebrfundosh si Altin Hajri\u2019.<br \/>\n\u201cErdhe? Nga telefoni yt e mori prokurorin Edi Rama? Na thuaj pak?<br \/>\nEdhe je i inkriminuar se t\u00eb ka p\u00ebrdorur telefonin p\u00ebr t\u00eb k\u00ebrc\u00ebnuar gjykat\u00ebsin, absolutisht po.<br \/>\nT\u00eb ka p\u00ebrdorur telefonin duke t\u00eb konsideruar ty si kok\u00eb turku.<br \/>\nT\u00eb mbron Dumani sot, por nuk ka njeri q\u00eb t\u00eb mbron nes\u00ebr.<br \/>\nAto kostumet ku i ke?<br \/>\nKu i ke ato kostumet?<br \/>\nJo, nuk \u00ebsht\u00eb ky. I ke fshehur ato. I ke hequr ato.<br \/>\nUlu aty.<br \/>\nKu i ke ato t\u00eb Altin Hajrit?<br \/>\nKu i ke kostumet e Altin Hajrit?<br \/>\nAjo \u00ebsht\u00eb? Mir\u00eb, mbaje!<br \/>\nAto jan\u00eb? Bravo, mir\u00eb, shum\u00eb mir\u00eb.<br \/>\nAto i paske t\u00eb Altinit.<br \/>\nTy t\u00eb ka dh\u00ebn\u00eb dy, jo nj\u00eb.<br \/>\nPo, po.<br \/>\nUrdh\u00ebro?<br \/>\nUn\u00eb po t\u00eb them ku i ke kostumet e Altin Hajrit?<br \/>\nT\u00eb Altin Hajrit ku i ke?<br \/>\nSe e nxore, \u00ebsht\u00eb i lir\u00eb Altin Hajri sot.<br \/>\nMe at\u00eb Dumanin t\u00ebnd e ke nxjerr\u00eb t\u00eb lir\u00eb Altin Hajrin.<br \/>\nPo, po, ku e ke \u00e7ant\u00ebn Louis Vuitton?<br \/>\nKu i ke 500 mij\u00eb eurot?<br \/>\nJa pra, k\u00ebto jan\u00eb.<br \/>\nTani, gjersa ai flet&#8230;<br \/>\nPra, Ulsi t\u00eb garantoj se n\u00eb k\u00ebrkim do p\u00ebrfundosh si Altin Hajri.<br \/>\nDhe nuk ke shp\u00ebtim sepse edhe n\u00eb Vjen\u00eb thuhet se shkove ti, pastaj the ka shkuar Etilda.<br \/>\nE akuzova un\u00eb, tha nuk kam qen\u00eb un\u00eb, ka qen\u00eb Etilda\u201d, tha Berisha.<\/p>\n","protected":false},"excerpt":{"rendered":"<p>Kryetari i PD, Sali Berisha akuzoi ish-ministrin e Drejt\u00ebsis\u00eb, Ulsi Manja se Edi Rama ka p\u00ebrdorur telefonin e tij p\u00ebr t\u00eb k\u00ebrc\u00ebnuar nj\u00eb prokuror. \u2018Nga telefoni yt e mori prokurorin Edi Rama! Na thuaj pak? Edhe je i inkriminuar, sepse t\u00eb ka p\u00ebrdorur telefonin p\u00ebr t\u00eb k\u00ebrc\u00ebnuar gjykat\u00ebsin,\u2019 deklaroi Berisha. Sipas tij, Rama e ka &hellip;<\/p>\n","protected":false},"author":4,"featured_media":127039,"comment_status":"closed","ping_status":"closed","sticky":false,"template":"","format":"standard","meta":{"footnotes":""},"categories":[134],"tags":[],"class_list":["post-127038","post","type-post","status-publish","format-standard","has-post-thumbnail","","category-news"],"_links":{"self":[{"href":"https:\/\/rdnews.al\/index.php\/wp-json\/wp\/v2\/posts\/127038","targetHints":{"allow":["GET"]}}],"collection":[{"href":"https:\/\/rdnews.al\/index.php\/wp-json\/wp\/v2\/posts"}],"about":[{"href":"https:\/\/rdnews.al\/index.php\/wp-json\/wp\/v2\/types\/post"}],"author":[{"embeddable":true,"href":"https:\/\/rdnews.al\/index.php\/wp-json\/wp\/v2\/users\/4"}],"replies":[{"embeddable":true,"href":"https:\/\/rdnews.al\/index.php\/wp-json\/wp\/v2\/comments?post=127038"}],"version-history":[{"count":1,"href":"https:\/\/rdnews.al\/index.php\/wp-json\/wp\/v2\/posts\/127038\/revisions"}],"predecessor-version":[{"id":127040,"href":"https:\/\/rdnews.al\/index.php\/wp-json\/wp\/v2\/posts\/127038\/revisions\/127040"}],"wp:featuredmedia":[{"embeddable":true,"href":"https:\/\/rdnews.al\/index.php\/wp-json\/wp\/v2\/media\/127039"}],"wp:attachment":[{"href":"https:\/\/rdnews.al\/index.php\/wp-json\/wp\/v2\/media?parent=127038"}],"wp:term":[{"taxonomy":"category","embeddable":true,"href":"https:\/\/rdnews.al\/index.php\/wp-json\/wp\/v2\/categories?post=127038"},{"taxonomy":"post_tag","embeddable":true,"href":"https:\/\/rdnews.al\/index.php\/wp-json\/wp\/v2\/tags?post=127038"}],"curies":[{"name":"wp","href":"https:\/\/api.w.org\/{rel}","templated":true}]}}