{"id":127060,"date":"2025-10-30T20:54:57","date_gmt":"2025-10-30T20:54:57","guid":{"rendered":"https:\/\/rdnews.al\/?p=127060"},"modified":"2025-10-30T20:59:20","modified_gmt":"2025-10-30T20:59:20","slug":"rama-ne-panik-mcgonigal-e-merr-me-vete-nuk-lejon-te-hetohet-nga-parlamenti","status":"publish","type":"post","link":"https:\/\/rdnews.al\/index.php\/2025\/10\/30\/rama-ne-panik-mcgonigal-e-merr-me-vete-nuk-lejon-te-hetohet-nga-parlamenti\/","title":{"rendered":"Rama n\u00eb panik\/ McGonigal e merr me vete, nuk lejon t\u00eb hetohet nga Parlamenti"},"content":{"rendered":"<p><strong>Rama nuk ka lejuar q\u00eb Parlamenti t\u00eb ngrej\u00eb nj\u00eb Komision hetimor n\u00eb lidhje me afer\u00ebn e tij me McGonigal. Me k\u00ebt\u00eb refuzim Rama ka dh\u00ebn\u00eb nj\u00eb d\u00ebshmi se \u00ebsht\u00eb n\u00eb panik nga kjo afer\u00eb dhe nuk lejon t\u00eb hetohet. Po ashtu ai nuk lejon as SPAK t\u00eb hetoj\u00eb n\u00eb lidhje me k\u00ebt\u00eb afer\u00eb duke menduar s\u00eb k\u00ebshtu mund t\u00eb mbyllet ky skandal q\u00eb rrezikon ta burgos\u00eb Ram\u00ebn jo n\u00eb Shqip\u00ebri, por n\u00eb Shtetet e Bashkuara.<\/strong><\/p>\n<p>Deputet\u00ebt e opozit\u00ebs kan\u00eb braktisur seanc\u00ebn e sotme plenare n\u00eb Kuvend, pas refuzimit nga mazhoranca t\u00eb k\u00ebrkes\u00ebs p\u00ebr ngritjen e dy komisioneve hetimore parlamentare p\u00ebr \u00e7\u00ebshtjen \u201cMcGonigal\u201d dhe zgjedhjet e 11 majit.<\/p>\n<p>Sipas opozit\u00ebs, largimi i deputet\u00ebve nga salla e Kuvendit u b\u00eb n\u00eb shenj\u00eb proteste ndaj shkeljes s\u00eb hapur t\u00eb Kushtetut\u00ebs dhe rregullores s\u00eb Kuvendit.<\/p>\n<p>N\u00eb vijim t\u00eb k\u00ebsaj proteste, Partia Demokratike ka njoftuar thirrjen e nj\u00eb mbledhjeje t\u00eb posa\u00e7me t\u00eb grupit parlamentar t\u00eb premten dat\u00eb 31 tetor, ora 12:00.<\/p>\n<p>\u201cT\u00eb nderuar koleg\u00eb, nes\u00ebr, e premte, dat\u00eb 31 tetor, ora 12:00, do t\u00eb zhvillohet mbledhje e posa\u00e7me e Grupit Parlamentar t\u00eb PD lidhur me situat\u00ebn e krijuar sot n\u00eb Kuvend me mohimin e t\u00eb drejtave kushtetuese t\u00eb opozit\u00ebs. Lutem t\u00eb mos ket\u00eb asnj\u00eb munges\u00eb p\u00ebr shkak t\u00eb r\u00ebnd\u00ebsis\u00eb s\u00eb mbledhjes\u201d, thuhet n\u00eb mesazhin drejtuar grupit t\u00eb PD-s\u00eb.<\/p>\n<p>Kujtojm\u00eb se n\u00eb rend dite n\u00eb seanc\u00ebn e sotme plenare ishin:<\/p>\n<p>-Projektvendimi \u201cP\u00ebr ngritjen e Komisionit Hetimor t\u00eb Kuvendit p\u00ebr verifikimin e ligjshm\u00ebris\u00eb s\u00eb veprimeve t\u00eb zyrtar\u00ebve shqiptar\u00eb n\u00eb raport me ish-agjentin special t\u00eb FBI-s\u00eb, Charles McGonigal\u201d.<\/p>\n<p>-Projektvendimi \u201cP\u00ebr ngritjen e Komisionit Hetimor t\u00eb Kuvendit p\u00ebr kontrollin e ligjshm\u00ebris\u00eb s\u00eb veprimtaris\u00eb t\u00eb organeve t\u00eb pushtetit qendror dhe pushtetit vendor, si dhe p\u00ebr t\u00eb verifikuar p\u00ebrdorimin e burimeve t\u00eb administrat\u00ebs shtet\u00ebrore p\u00ebr q\u00ebllime elektorale n\u00eb zgjedhjet e 11 majit 2025\u201d.<\/p>\n<p>N\u00eb seanc\u00ebn e sotme plenare, deputeti i Partis\u00eb Socialiste Bledi \u00c7u\u00e7i ka komentuar k\u00ebrkes\u00ebn e opozit\u00ebs p\u00ebr ngritjen e nj\u00eb komisioni hetimor parlamentar p\u00ebr \u00e7\u00ebshtjen McGonigal, ku theksoi se pavar\u00ebsisht dakord\u00ebsis\u00eb p\u00ebr shqyrtimin e k\u00ebrkes\u00ebs, dokumenti i paraqitur nuk p\u00ebrmbush kriteret ligjore t\u00eb p\u00ebrcaktuara nga Gjykata Kushtetuese.<\/p>\n<p>Ai u shpreh se komisoni hetimor p\u00ebr McGonigal nuk mund t\u00eb ngrihet, pasi sipas tij Kuvendi i Shqip\u00ebris\u00eb nuk ka juridiksion p\u00ebr t\u00eb hetuar procese penale t\u00eb mbyllura nga drejt\u00ebsia e SHBA-ve.<\/p>\n<p>\u201cKuvendi nuk ka kompetenc\u00eb n\u00eb lidhje me shtetasin McGonigal. Kushtetuta p\u00ebrcakton sakt\u00eb q\u00eb Komisionet Parlamentare jan\u00eb instrumente t\u00eb kontrollit parlamentar mbi kontrolle ndaj institucioneve shqiptare brenda territorit t\u00eb Republik\u00ebs s\u00eb Shqip\u00ebris\u00eb. N\u00eb rastin konkret, c\u00ebshtja McGonigal \u00ebsht\u00eb hetuar dhe gjykuar n\u00eb SHBA.<\/p>\n<p>Ish-agjenti \u00ebsht\u00eb d\u00ebnuar nga nj\u00eb gjykat\u00eb federale amerikane p\u00ebr veprimet e kryera n\u00eb shkelje t\u00eb ligjeve t\u00eb SHBA dhe jo t\u00eb Shqip\u00ebris\u00eb. N\u00eb asnj\u00eb dokument zyrtar, t\u00eb hetimeve amerikane, nuk ekziston asnj\u00eb akuz\u00eb ndaj ndonj\u00eb zyrtari shqiptar. Prandaj Kuvendi i Shqip\u00ebris\u00eb nuk ka asnj\u00eb kompetenc\u00eb ligjore dhe as juridiksion p\u00ebr t\u00eb hetuar nj\u00eb proces penal t\u00eb mbyllur tashm\u00eb nga drejt\u00ebsia amerikane.<\/p>\n<p>Kuvendi nuk mund t\u00eb kthehet n\u00eb nj\u00eb tribunal q\u00eb rishikon vendimet gjyq\u00ebsore t\u00eb huaja apo q\u00eb heton veprimet e nj\u00eb shteti t\u00eb huaj n\u00eb juridiksionin e nj\u00eb shteti tjet\u00ebr. Nj\u00eb veprim i till\u00eb do t\u00eb krijonte nj\u00eb precedent\u00eb t\u00eb rreziksh\u00ebm Kushtetut\u00ebs dhe do t\u00eb cenonte themelet e shtetit.\u201d, tha \u00c7u\u00e7i.<\/p>\n","protected":false},"excerpt":{"rendered":"<p>Rama nuk ka lejuar q\u00eb Parlamenti t\u00eb ngrej\u00eb nj\u00eb Komision hetimor n\u00eb lidhje me afer\u00ebn e tij me McGonigal. Me k\u00ebt\u00eb refuzim Rama ka dh\u00ebn\u00eb nj\u00eb d\u00ebshmi se \u00ebsht\u00eb n\u00eb panik nga kjo afer\u00eb dhe nuk lejon t\u00eb hetohet. Po ashtu ai nuk lejon as SPAK t\u00eb hetoj\u00eb n\u00eb lidhje me k\u00ebt\u00eb afer\u00eb duke menduar &hellip;<\/p>\n","protected":false},"author":3,"featured_media":127061,"comment_status":"closed","ping_status":"closed","sticky":false,"template":"","format":"standard","meta":{"footnotes":""},"categories":[37],"tags":[],"class_list":["post-127060","post","type-post","status-publish","format-standard","has-post-thumbnail","","category-politike"],"_links":{"self":[{"href":"https:\/\/rdnews.al\/index.php\/wp-json\/wp\/v2\/posts\/127060","targetHints":{"allow":["GET"]}}],"collection":[{"href":"https:\/\/rdnews.al\/index.php\/wp-json\/wp\/v2\/posts"}],"about":[{"href":"https:\/\/rdnews.al\/index.php\/wp-json\/wp\/v2\/types\/post"}],"author":[{"embeddable":true,"href":"https:\/\/rdnews.al\/index.php\/wp-json\/wp\/v2\/users\/3"}],"replies":[{"embeddable":true,"href":"https:\/\/rdnews.al\/index.php\/wp-json\/wp\/v2\/comments?post=127060"}],"version-history":[{"count":2,"href":"https:\/\/rdnews.al\/index.php\/wp-json\/wp\/v2\/posts\/127060\/revisions"}],"predecessor-version":[{"id":127067,"href":"https:\/\/rdnews.al\/index.php\/wp-json\/wp\/v2\/posts\/127060\/revisions\/127067"}],"wp:featuredmedia":[{"embeddable":true,"href":"https:\/\/rdnews.al\/index.php\/wp-json\/wp\/v2\/media\/127061"}],"wp:attachment":[{"href":"https:\/\/rdnews.al\/index.php\/wp-json\/wp\/v2\/media?parent=127060"}],"wp:term":[{"taxonomy":"category","embeddable":true,"href":"https:\/\/rdnews.al\/index.php\/wp-json\/wp\/v2\/categories?post=127060"},{"taxonomy":"post_tag","embeddable":true,"href":"https:\/\/rdnews.al\/index.php\/wp-json\/wp\/v2\/tags?post=127060"}],"curies":[{"name":"wp","href":"https:\/\/api.w.org\/{rel}","templated":true}]}}