{"id":127073,"date":"2025-10-30T21:35:32","date_gmt":"2025-10-30T21:35:32","guid":{"rendered":"https:\/\/rdnews.al\/?p=127073"},"modified":"2025-10-30T21:35:32","modified_gmt":"2025-10-30T21:35:32","slug":"berisha-ne-kushtet-e-nje-parlamenti-qe-bllokon-teresisht-hapesiren-e-opozites-qytetaret-do-thone-fjalen-e-tyre","status":"publish","type":"post","link":"https:\/\/rdnews.al\/index.php\/2025\/10\/30\/berisha-ne-kushtet-e-nje-parlamenti-qe-bllokon-teresisht-hapesiren-e-opozites-qytetaret-do-thone-fjalen-e-tyre\/","title":{"rendered":"Berisha: N\u00eb kushtet e nj\u00eb parlamenti q\u00eb bllokon t\u00ebr\u00ebsisht hap\u00ebsir\u00ebn e opozit\u00ebs, qytetar\u00ebt do thon\u00eb fjal\u00ebn e tyre!"},"content":{"rendered":"<p><em>Kryetari i Partis\u00eb Demokratike, Sali Berisha, u shpreh jasht\u00eb sall\u00ebs s\u00eb parlamentit se pseudo-mazhoranca ka mohuar t\u00eb drejt\u00ebn kushtetuese t\u00eb opozit\u00ebs p\u00ebr ngritjen e Komisioneve Hetimore Parlamentare. Ai u shpreh se kjo ka ndodhur pavar\u00ebsisht vendimeve t\u00eb Gjykat\u00ebs Kushtetuese q\u00eb e konsiderojn\u00eb t\u00eb pakusht\u00ebzuar k\u00ebt\u00eb t\u00eb drejt\u00eb.<\/em><\/p>\n<p><em>Berisha theksoi k\u00ebrkes\u00ebn e opozit\u00ebs p\u00ebr dy komisione, p\u00ebrfshir\u00eb hetimin e skandalit t\u00eb ish-shefit t\u00eb kund\u00ebrzbulimit t\u00eb FBI-s\u00eb, McGonigal, ku sipas tij p\u00ebrfshihet direkt edhe kryeministri Edi Rama p\u00ebr \u00e7\u00ebshtje korrupsioni dhe veprimtari t\u00eb dyshimta. Kryetari i PD-s\u00eb akuzoi qeverin\u00eb se po pengon hetimin e zgjedhjeve t\u00eb 11 majit, q\u00eb sipas opozit\u00ebs jan\u00eb zhvler\u00ebsuar nga shkeljet masive t\u00eb ligjit dhe standardeve nd\u00ebrkomb\u00ebtare.<\/em><\/p>\n<p><em>\u2018N\u00eb kushtet e nj\u00eb parlamenti q\u00eb bllokon t\u00ebr\u00ebsisht hap\u00ebsir\u00ebn e opozit\u00ebs, qytetar\u00ebt do t\u00eb jen\u00eb ata q\u00eb do thon\u00eb fjal\u00ebn e tyre\u2019, deklaroi Berisha, duke n\u00ebnvizuar se opozita do t\u00eb vazhdoj\u00eb t\u00eb mobilizohet p\u00ebr t\u00eb mbrojtur t\u00eb drejtat kushtetuese.<\/em><\/p>\n<p><strong>PRONONCIMI I KRYETARI T\u00cb PD-s\u00eb, JASHT\u00cb SALL\u00cbS S\u00cb PARLAMENTIT<\/strong><\/p>\n<p>Pseudo mazhoranca n\u00eb m\u00ebnyr\u00ebn m\u00eb antikushtetuese i mohoi opozit\u00ebs t\u00eb drejt\u00ebn m\u00eb themelore, kushtetuese q\u00eb ka n\u00eb parlament Komisionin Hetimor parlamentar.<\/p>\n<p>E kreu k\u00ebt\u00eb akt edhe pas nj\u00eb beteje t\u00eb gjat\u00eb, disa mujore q\u00eb u zhvillua n\u00eb legjislatur\u00ebn e par\u00eb dhe pas vendimit t\u00eb Gjykat\u00ebs Kushtetuese q\u00eb kjo \u00ebsht\u00eb nj\u00eb e drejt\u00eb q\u00eb nuk mund t\u00eb preket, nj\u00eb e drejt\u00eb e pakic\u00ebs e patjet\u00ebrsueshme.<\/p>\n<p>Sot ne k\u00ebrkuam, kishim paraqitur me argumente t\u00eb plota k\u00ebrkes\u00ebn p\u00ebr dy komisione. P\u00ebr skandalin \u2018McGonigal\u2019 i cili implikon direkt Edi Ram\u00ebn me nj\u00eb skandal t\u00eb madh me ish-shefin e kund\u00ebzbulimit t\u00eb FBI-s\u00eb, i cili p\u00ebr veprimtarit\u00eb e tij vuan 6 vjet e gjys\u00ebm burg n\u00eb SHBA, por n\u00eb dosjen me Shqip\u00ebrin\u00eb emri i Edi Ram\u00ebs, lakohet dhe figuron n\u00eb 13 raste, ku Edi Rama citohet se i ka dh\u00ebn\u00eb McGonigalit n\u00ebp\u00ebrmjet oficerit t\u00eb policis\u00eb sekrete 220 mij\u00eb dollar\u00eb dhe \u00ebsht\u00eb korruptuar McHGonigali.<\/p>\n<p>Ku Edi Rama citohet se ka diskutuar p\u00ebr reform\u00ebn e drejt\u00ebsis\u00eb me McGonigalin dhe se ai informonte t\u00eb tjer\u00ebt se, k\u00ebtu tashi kemi pun\u00eb.<\/p>\n<p>Ku Edi Rama citohet se ka hequr licenca e nj\u00eb kompanie p\u00ebr t\u00eb ja dh\u00ebn\u00eb nj\u00eb kompanie tjet\u00ebr, n\u00eb t\u00eb cil\u00ebn ish-oficeri i sigurimit kishte interesa t\u00eb ve\u00e7anta.<\/p>\n<p>Ku Edi Rama citohet se k\u00ebshilltari i tij, Dorian Du\u00e7ka ishte nj\u00eb agjent i paregjistruar kinez, i cili jepte t\u00eb dh\u00ebna nga FB q\u00eb i merrte nga McGonigal, transmetonte t\u00eb dh\u00ebnat tek autoritetet e zbulimit t\u00eb Kin\u00ebs.<\/p>\n<p>Ku Edi Rama citohet se e ka kontraktuar p\u00ebr hetimin n\u00eb rastin e Tom Doshit dhe vrasjen e imagjinuar, p\u00ebr t\u00eb akuzuar Ilir Met\u00ebn, nj\u00eb hetim q\u00eb \u00ebsht\u00eb zhvilluar n\u00eb Vjen\u00eb.<\/p>\n<p>Dosja fakton se, Edi Rama i dha parat\u00eb McGonigalit q\u00eb t\u00eb merrej me opozit\u00ebn, natyrisht p\u00ebr veprime kund\u00ebr opozit\u00ebs.<\/p>\n<p>Pra jan\u00eb t\u00eb gjitha k\u00ebto dhe se McGonigal ka qen\u00eb njeriu m\u00eb kryesor dhe nd\u00ebr m\u00eb t\u00eb par\u00ebt q\u00eb \u00ebsht\u00eb me hetimin e presidentit Donald Trump n\u00eb dosjen \u2018Steal\u2019.<\/p>\n<p>P\u00ebr t\u00eb gjitha k\u00ebto, \u00e7do vend do t\u00eb krijonte nj\u00eb Komision Hetimor pasi jan\u00eb aspekte t\u00eb shumta t\u00eb zhvilluara n\u00eb vend.<\/p>\n<p>Veprimtaria e McGonigalit jo vet\u00ebm n\u00eb Tiran\u00eb, por dhe n\u00eb rrethe t\u00eb tjera, n\u00eb Dumre, angazhimi i tij n\u00eb reform\u00ebn n\u00eb drejt\u00ebsi, angazhimi i tij me bizneset.<\/p>\n<p>Jan\u00eb kompani ruse p\u00ebrfshi k\u00ebtu edhe hidrocentralin e Shushic\u00ebs dhe nj\u00eb seri biznesesh t\u00eb tjera.<\/p>\n<p>Natyrisht Edi Rama mendon se, kjo do ta d\u00ebmtonte at\u00eb dhe ndaj shtyp t\u00eb drejt\u00ebn e opozit\u00ebs p\u00ebr Komision Hetimor.<\/p>\n<p>Ky vendim i tij, ose ky q\u00ebndrim i tij antikushtetues, antiopozit\u00eb, kulmon me mohimin e t\u00eb drejt\u00ebs p\u00ebr t\u00eb hetuar zgjedhjet.<\/p>\n<p>Zgjedhjet e 11 Majit, jan\u00eb zgjedhjet m\u00eb t\u00eb damkosura n\u00eb Europ\u00eb dhe m\u00eb t\u00eb damkosura ndofta edhe n\u00eb bot\u00eb sot, nga ato q\u00eb jan\u00eb v\u00ebzhguar.<\/p>\n<p>N\u00eb k\u00ebto zgjedhje \u00ebsht\u00eb faktuar nga v\u00ebzhguesit nd\u00ebrkomb\u00ebtar se, ligji shqiptar \u00ebsht\u00eb dhunuar jo 1 her\u00eb, por me qindra e mij\u00ebra her\u00eb, jan\u00eb dhunuar parimet nd\u00ebrkomb\u00ebtare t\u00eb zgjedhjeve t\u00eb lira.<\/p>\n<p>Nd\u00ebrkoh\u00eb ne si opozit\u00eb kemi me mij\u00ebra fakte, ne disponojm\u00eb me mij\u00ebra fakte, q\u00eb d\u00ebshironim se me k\u00ebt\u00eb Komision Hetimor t\u00eb ua paraqisnim atyre nj\u00eb e nga nj\u00eb. Edhe k\u00ebt\u00eb e hedhin posht\u00eb, \u00e7ka tregon se, hap\u00ebsira p\u00ebr opozit\u00ebn n\u00eb parlament \u00ebsht\u00eb fiktive, virtuale.<\/p>\n<p>Edhe ne do t\u00eb mblidhemi, do t\u00eb mbledhim forumet tona, do t\u00eb marrim vendim p\u00ebr t\u00eb ju p\u00ebrgjigjur k\u00ebtij dhunimi absolutisht t\u00eb papranuesh\u00ebm t\u00eb t\u00eb drejtave m\u00eb elementare Kushtetuese t\u00eb nj\u00eb opozite parlamentare.<\/p>\n<p><strong>Pyetje: Kushtetuesja foli p\u00ebr Komisionet Hetimore\u2026<\/strong><\/p>\n<p><strong>Sali Berisha:<\/strong>\u00a0I hodhi posht\u00eb t\u00eb gjitha k\u00ebto.<\/p>\n<p><strong>Pyetje: \u00c7far\u00eb ka mbetur m\u00eb, ku mund t\u00eb ankohet m\u00eb?<\/strong><\/p>\n<p><strong>Sali Berisha:<\/strong>\u00a0Me qytetar\u00ebt, jam dakord, ke shum\u00eb t\u00eb drejt\u00eb. Kushtetuta ka urdh\u00ebruar ngritjen e menj\u00ebhershme t\u00eb komisioneve kur ato paraqiten. Gjykata Kushtetuese ka qen\u00eb e sakt\u00eb, nuk njeh asnj\u00eb lloj kufizimi, kjo \u00ebsht\u00eb.<\/p>\n<p>Pik\u00ebrisht p\u00ebr k\u00ebt\u00eb, d\u00ebrgimi i saj n\u00eb Kushtetuese \u00ebsht\u00eb ezauruar. Por qytetar\u00ebt jan\u00eb gjithmon\u00eb, nuk ezaurohen kurr\u00eb.<\/p>\n<p><strong>Pyetje: Do kemi ato skena q\u00eb kemi par\u00eb vitin e kaluar.<\/strong><\/p>\n<p><strong>Sali Berisha:<\/strong>\u00a0Se \u00e7far\u00eb do kemi, ne jemi nj\u00eb opozit\u00eb sot, me gjith\u00eb p\u00ebrpjekjet tona q\u00eb t\u00eb normalizohet jeta e parlamentit, por sot ne jemi nj\u00eb opozit\u00eb e privuar n\u00eb m\u00ebnyr\u00ebn m\u00eb banditeske, m\u00eb t\u00eb papranueshme nga e drejta themelore kushtetuese e nj\u00eb opozite n\u00eb parlament; Komisioni Hetimor Parlamentar.<\/p>\n<p>N\u00ebse ne nuk kemi t\u00eb drejt\u00eb t\u00eb mbik\u00ebqyrimin, ky \u00ebsht\u00eb kulmi. Sepse q\u00eb kur ka filluar parlamenti, deputet\u00ebt tan\u00eb th\u00ebrrasin ministrat, ata nuk vijn\u00eb dhe n\u00eb kund\u00ebrshtim me Kushtetut\u00ebn d\u00ebrgoj\u00eb zv\/ministrat.<\/p>\n<p>Edi Rama thirret n\u00eb interpelanc\u00eb, nuk vjen dhe i refuzon interpelancat.<\/p>\n<p>Ne k\u00ebrkojm\u00eb debat p\u00ebr raportim e OSBE-ODIHR-it dhe k\u00ebtu refuzohet debati.<\/p>\n<p>Pra n\u00eb kushtet e nj\u00eb parlamenti q\u00eb bllokon t\u00ebr\u00ebsisht hap\u00ebsir\u00ebn e opozit\u00ebs, un\u00eb besoj se qytetar\u00ebt do t\u00eb jen\u00eb ata q\u00eb do thon\u00eb fjal\u00ebn e tyre.<\/p>\n<p>Faleminderit!<\/p>\n","protected":false},"excerpt":{"rendered":"<p>Kryetari i Partis\u00eb Demokratike, Sali Berisha, u shpreh jasht\u00eb sall\u00ebs s\u00eb parlamentit se pseudo-mazhoranca ka mohuar t\u00eb drejt\u00ebn kushtetuese t\u00eb opozit\u00ebs p\u00ebr ngritjen e Komisioneve Hetimore Parlamentare. Ai u shpreh se kjo ka ndodhur pavar\u00ebsisht vendimeve t\u00eb Gjykat\u00ebs Kushtetuese q\u00eb e konsiderojn\u00eb t\u00eb pakusht\u00ebzuar k\u00ebt\u00eb t\u00eb drejt\u00eb. Berisha theksoi k\u00ebrkes\u00ebn e opozit\u00ebs p\u00ebr dy komisione, &hellip;<\/p>\n","protected":false},"author":4,"featured_media":127074,"comment_status":"closed","ping_status":"closed","sticky":false,"template":"","format":"standard","meta":{"footnotes":""},"categories":[37],"tags":[],"class_list":["post-127073","post","type-post","status-publish","format-standard","has-post-thumbnail","","category-politike"],"_links":{"self":[{"href":"https:\/\/rdnews.al\/index.php\/wp-json\/wp\/v2\/posts\/127073","targetHints":{"allow":["GET"]}}],"collection":[{"href":"https:\/\/rdnews.al\/index.php\/wp-json\/wp\/v2\/posts"}],"about":[{"href":"https:\/\/rdnews.al\/index.php\/wp-json\/wp\/v2\/types\/post"}],"author":[{"embeddable":true,"href":"https:\/\/rdnews.al\/index.php\/wp-json\/wp\/v2\/users\/4"}],"replies":[{"embeddable":true,"href":"https:\/\/rdnews.al\/index.php\/wp-json\/wp\/v2\/comments?post=127073"}],"version-history":[{"count":1,"href":"https:\/\/rdnews.al\/index.php\/wp-json\/wp\/v2\/posts\/127073\/revisions"}],"predecessor-version":[{"id":127075,"href":"https:\/\/rdnews.al\/index.php\/wp-json\/wp\/v2\/posts\/127073\/revisions\/127075"}],"wp:featuredmedia":[{"embeddable":true,"href":"https:\/\/rdnews.al\/index.php\/wp-json\/wp\/v2\/media\/127074"}],"wp:attachment":[{"href":"https:\/\/rdnews.al\/index.php\/wp-json\/wp\/v2\/media?parent=127073"}],"wp:term":[{"taxonomy":"category","embeddable":true,"href":"https:\/\/rdnews.al\/index.php\/wp-json\/wp\/v2\/categories?post=127073"},{"taxonomy":"post_tag","embeddable":true,"href":"https:\/\/rdnews.al\/index.php\/wp-json\/wp\/v2\/tags?post=127073"}],"curies":[{"name":"wp","href":"https:\/\/api.w.org\/{rel}","templated":true}]}}