{"id":127079,"date":"2025-10-31T09:08:21","date_gmt":"2025-10-31T09:08:21","guid":{"rendered":"https:\/\/rdnews.al\/?p=127079"},"modified":"2025-10-31T09:19:04","modified_gmt":"2025-10-31T09:19:04","slug":"veliaj-me-pranga-ne-duar-dhe-i-revoltuar-mberrin-ne-gjykaten-kushtetuese","status":"publish","type":"post","link":"https:\/\/rdnews.al\/index.php\/2025\/10\/31\/veliaj-me-pranga-ne-duar-dhe-i-revoltuar-mberrin-ne-gjykaten-kushtetuese\/","title":{"rendered":"Veliaj me pranga n\u00eb duar dhe i revoltuar mb\u00ebrrin n\u00eb Gjykat\u00ebn Kushtetuese!"},"content":{"rendered":"<p>Kryebashkiaku i pezulluar i Tiran\u00ebs Erion Veliaj ka mb\u00ebrritur nga paraburgimi i Durr\u00ebsit n\u00eb Gjykat\u00ebn Kushtetuese.<\/p>\n<p>Veliaj doli me pranga nga furgoni i Drejtoris\u00eb s\u00eb Burgjeve i revoltuar, p\u00ebr t\u00eb hyr\u00eb n\u00eb sall\u00ebn e Gjykat\u00ebs Kushtetuese, ku do t\u00eb ankimoj\u00eb shkarkimin e tij nga detyra si kryebashkiak i Tiran\u00ebs.<\/p>\n<p>Sapo zbriti, ai p\u00ebrsh\u00ebndeti me dor\u00eb gazetar\u00ebt dhe operator\u00ebt q\u00eb ndodheshin n\u00eb vendngjarje.<\/p>\n<p>Mesazhi duket se shkonte p\u00ebr pak mb\u00ebshtet\u00ebs t\u00eb tij, q\u00eb d\u00ebgjoheshin duke thirrur: Forca Lali Eri!<\/p>\n<p>Seanca pritet t\u00eb nis\u00eb n\u00eb or\u00ebn 10:00 dhe relatore e \u00e7\u00ebshtjes \u00ebsht\u00eb gjyqtarja Sonila Bejtja.<\/p>\n<p>Veliaj kishte shprehur vullnetin p\u00ebr t\u00eb qen\u00eb i pranish\u00ebm n\u00eb k\u00ebt\u00eb seanca dhe p\u00ebr k\u00ebt\u00eb arsye Gjykata Kushtetuese k\u00ebrkoi nga Drejtoria e Burgjeve dhe SPAK q\u00eb t\u00eb merrnin masa p\u00ebr shoq\u00ebrimin e tij.<\/p>\n<p>K\u00ebshilli i Ministrave e shkarkoi Veliajn m\u00eb 25 shtator me argumentin se nuk \u00ebsht\u00eb paraqitur prej 3 muajsh n\u00eb detyr\u00eb. M\u00eb 1 tetor, presidenti Bajram Begaj dekretoi zgjedhjet e pjesshme n\u00eb Tiran\u00eb, por dekreti u pezullua me vendim t\u00eb nd\u00ebrmjet\u00ebm nga Gjykata Kushtetuese.<\/p>\n<p>Erion Veliaj mbahet n\u00ebn mas\u00ebn e arrestit me burg prej dat\u00ebs 10 shkurt. Bashk\u00eb me bashk\u00ebshorten e tij, Ajola Xoxa akuzohen p\u00ebr korrupsion n\u00eb 9 raste. Mbi Veliajn r\u00ebndojn\u00eb 5 akuza p\u00ebr korrupsion, shp\u00ebrdorim detyre, pastrim parash, mosdeklarim pasurie si dhe futje t\u00eb sendeve t\u00eb ndaluara n\u00eb qeli.<\/p>\n","protected":false},"excerpt":{"rendered":"<p>Kryebashkiaku i pezulluar i Tiran\u00ebs Erion Veliaj ka mb\u00ebrritur nga paraburgimi i Durr\u00ebsit n\u00eb Gjykat\u00ebn Kushtetuese. Veliaj doli me pranga nga furgoni i Drejtoris\u00eb s\u00eb Burgjeve i revoltuar, p\u00ebr t\u00eb hyr\u00eb n\u00eb sall\u00ebn e Gjykat\u00ebs Kushtetuese, ku do t\u00eb ankimoj\u00eb shkarkimin e tij nga detyra si kryebashkiak i Tiran\u00ebs. Sapo zbriti, ai p\u00ebrsh\u00ebndeti me dor\u00eb &hellip;<\/p>\n","protected":false},"author":4,"featured_media":127080,"comment_status":"closed","ping_status":"closed","sticky":false,"template":"","format":"standard","meta":{"footnotes":""},"categories":[37],"tags":[],"class_list":["post-127079","post","type-post","status-publish","format-standard","has-post-thumbnail","","category-politike"],"_links":{"self":[{"href":"https:\/\/rdnews.al\/index.php\/wp-json\/wp\/v2\/posts\/127079","targetHints":{"allow":["GET"]}}],"collection":[{"href":"https:\/\/rdnews.al\/index.php\/wp-json\/wp\/v2\/posts"}],"about":[{"href":"https:\/\/rdnews.al\/index.php\/wp-json\/wp\/v2\/types\/post"}],"author":[{"embeddable":true,"href":"https:\/\/rdnews.al\/index.php\/wp-json\/wp\/v2\/users\/4"}],"replies":[{"embeddable":true,"href":"https:\/\/rdnews.al\/index.php\/wp-json\/wp\/v2\/comments?post=127079"}],"version-history":[{"count":2,"href":"https:\/\/rdnews.al\/index.php\/wp-json\/wp\/v2\/posts\/127079\/revisions"}],"predecessor-version":[{"id":127088,"href":"https:\/\/rdnews.al\/index.php\/wp-json\/wp\/v2\/posts\/127079\/revisions\/127088"}],"wp:featuredmedia":[{"embeddable":true,"href":"https:\/\/rdnews.al\/index.php\/wp-json\/wp\/v2\/media\/127080"}],"wp:attachment":[{"href":"https:\/\/rdnews.al\/index.php\/wp-json\/wp\/v2\/media?parent=127079"}],"wp:term":[{"taxonomy":"category","embeddable":true,"href":"https:\/\/rdnews.al\/index.php\/wp-json\/wp\/v2\/categories?post=127079"},{"taxonomy":"post_tag","embeddable":true,"href":"https:\/\/rdnews.al\/index.php\/wp-json\/wp\/v2\/tags?post=127079"}],"curies":[{"name":"wp","href":"https:\/\/api.w.org\/{rel}","templated":true}]}}