{"id":127094,"date":"2025-10-31T09:51:31","date_gmt":"2025-10-31T09:51:31","guid":{"rendered":"https:\/\/rdnews.al\/?p=127094"},"modified":"2025-10-31T09:51:31","modified_gmt":"2025-10-31T09:51:31","slug":"dekreti-per-zgjedhjet-ne-tirane-gjykata-kushtetuese-rrezon-kerkesen-e-presidences","status":"publish","type":"post","link":"https:\/\/rdnews.al\/index.php\/2025\/10\/31\/dekreti-per-zgjedhjet-ne-tirane-gjykata-kushtetuese-rrezon-kerkesen-e-presidences\/","title":{"rendered":"Dekreti p\u00ebr zgjedhjet n\u00eb Tiran\u00eb\/ Gjykata Kushtetuese rr\u00ebzon k\u00ebrkes\u00ebn e Presidenc\u00ebs"},"content":{"rendered":"<p>Gjykata Kushtetuese nuk pranoi k\u00ebrkes\u00ebn e Presidenc\u00ebs p\u00ebr t\u00eb shpallur moskompetenc\u00ebn lidhur me dekretin e Presidentit p\u00ebr shpalljen e zgjedhjeve vendore p\u00ebr Tiran\u00ebn, pas shkarkimit t\u00eb Erion Veliajt nga posti i kryetarit t\u00eb Bashkis\u00eb nga ana e K\u00ebshillit t\u00eb Ministrave.<\/p>\n<p>Gjykata argumentoi se dekreti p\u00ebr zgjedhjet nuk mund t\u00eb shqyrtohet nga Kushtetuesja. \u00a0Trupa gjykuese e Kushtetueses tha se dekreti do t\u00eb trajtohet n\u00eb themel t\u00eb \u00e7\u00ebshtjes dhe p\u00ebr t\u00eb do t\u00eb vendoset n\u00eb fund si p\u00ebr \u00e7do element tjet\u00ebr t\u00eb padis\u00eb.<\/p>\n<p><em>\u201c\u00c7\u00ebshtja e juridiksionit t\u00eb Gjykat\u00ebs p\u00ebr shqyrtimin e dekretit t\u00eb presidentit \u00ebsht\u00eb e lidhur me themelin e mosmarr\u00ebveshjes, k\u00ebrkesa juaj nuk prano<\/em><em>het<\/em><em> n\u00eb k\u00ebt\u00eb faz\u00eb t\u00eb shqyrtimit, por do trajtohet si pjes\u00eb e themelit t\u00eb \u00e7\u00ebshtjes\u201d<\/em>, tha Holta Za\u00e7aj.<\/p>\n","protected":false},"excerpt":{"rendered":"<p>Gjykata Kushtetuese nuk pranoi k\u00ebrkes\u00ebn e Presidenc\u00ebs p\u00ebr t\u00eb shpallur moskompetenc\u00ebn lidhur me dekretin e Presidentit p\u00ebr shpalljen e zgjedhjeve vendore p\u00ebr Tiran\u00ebn, pas shkarkimit t\u00eb Erion Veliajt nga posti i kryetarit t\u00eb Bashkis\u00eb nga ana e K\u00ebshillit t\u00eb Ministrave. Gjykata argumentoi se dekreti p\u00ebr zgjedhjet nuk mund t\u00eb shqyrtohet nga Kushtetuesja. \u00a0Trupa gjykuese e &hellip;<\/p>\n","protected":false},"author":4,"featured_media":127095,"comment_status":"closed","ping_status":"closed","sticky":false,"template":"","format":"standard","meta":{"footnotes":""},"categories":[37],"tags":[],"class_list":["post-127094","post","type-post","status-publish","format-standard","has-post-thumbnail","","category-politike"],"_links":{"self":[{"href":"https:\/\/rdnews.al\/index.php\/wp-json\/wp\/v2\/posts\/127094","targetHints":{"allow":["GET"]}}],"collection":[{"href":"https:\/\/rdnews.al\/index.php\/wp-json\/wp\/v2\/posts"}],"about":[{"href":"https:\/\/rdnews.al\/index.php\/wp-json\/wp\/v2\/types\/post"}],"author":[{"embeddable":true,"href":"https:\/\/rdnews.al\/index.php\/wp-json\/wp\/v2\/users\/4"}],"replies":[{"embeddable":true,"href":"https:\/\/rdnews.al\/index.php\/wp-json\/wp\/v2\/comments?post=127094"}],"version-history":[{"count":1,"href":"https:\/\/rdnews.al\/index.php\/wp-json\/wp\/v2\/posts\/127094\/revisions"}],"predecessor-version":[{"id":127096,"href":"https:\/\/rdnews.al\/index.php\/wp-json\/wp\/v2\/posts\/127094\/revisions\/127096"}],"wp:featuredmedia":[{"embeddable":true,"href":"https:\/\/rdnews.al\/index.php\/wp-json\/wp\/v2\/media\/127095"}],"wp:attachment":[{"href":"https:\/\/rdnews.al\/index.php\/wp-json\/wp\/v2\/media?parent=127094"}],"wp:term":[{"taxonomy":"category","embeddable":true,"href":"https:\/\/rdnews.al\/index.php\/wp-json\/wp\/v2\/categories?post=127094"},{"taxonomy":"post_tag","embeddable":true,"href":"https:\/\/rdnews.al\/index.php\/wp-json\/wp\/v2\/tags?post=127094"}],"curies":[{"name":"wp","href":"https:\/\/api.w.org\/{rel}","templated":true}]}}