{"id":127097,"date":"2025-10-31T09:55:32","date_gmt":"2025-10-31T09:55:32","guid":{"rendered":"https:\/\/rdnews.al\/?p=127097"},"modified":"2025-10-31T09:55:32","modified_gmt":"2025-10-31T09:55:32","slug":"balluku-thirret-ne-spak-sot-ne-1500","status":"publish","type":"post","link":"https:\/\/rdnews.al\/index.php\/2025\/10\/31\/balluku-thirret-ne-spak-sot-ne-1500\/","title":{"rendered":"Balluku thirret n\u00eb SPAK sot n\u00eb 15:00"},"content":{"rendered":"<p>Z\u00ebvend\u00ebs kryeministrja, nj\u00ebher\u00ebsh ministre e Infrastruktur\u00ebs dhe Energjis\u00eb,\u00a0Belinda Balluku\u00a0\u00ebsht\u00eb thirrur sot n\u00eb or\u00ebn 15:00 n\u00eb\u00a0SPAK.<\/p>\n<p>Burime mediatike b\u00ebjn\u00eb me dije se Ballukut i \u00ebsht\u00eb k\u00ebrkuar q\u00eb jet\u00eb e shoq\u00ebruar me avokat.<\/p>\n<p>Prokuroria e Posa\u00e7me nuk ka dh\u00ebn\u00eb asnj\u00eb detaj p\u00ebr k\u00ebt\u00eb \u00e7\u00ebshtje, por gjat\u00eb seanc\u00ebs s\u00eb t\u00eb enjtes s\u00eb kaluar, ku kreu\u00a0Altin Dumani\u00a0raportoi n\u00eb kuvend, pranoi se z\u00ebvend\u00ebs kryeministrja \u00ebsht\u00eb n\u00eb hetim.<\/p>\n<p>N\u00eb rast se Balluku nuk paraqitet vullnetarisht, do t\u00eb merren masa p\u00ebr shoq\u00ebrimin e saj t\u00eb detyruar pran\u00eb SPAK-ut.<\/p>\n<p>Belinda Balluku \u00ebsht\u00eb n\u00ebn hetim p\u00ebr akuz\u00ebn e \u201cShkeljes s\u00eb barazis\u00eb n\u00eb tenderat publik\u00eb\u201d.<\/p>\n","protected":false},"excerpt":{"rendered":"<p>Z\u00ebvend\u00ebs kryeministrja, nj\u00ebher\u00ebsh ministre e Infrastruktur\u00ebs dhe Energjis\u00eb,\u00a0Belinda Balluku\u00a0\u00ebsht\u00eb thirrur sot n\u00eb or\u00ebn 15:00 n\u00eb\u00a0SPAK. Burime mediatike b\u00ebjn\u00eb me dije se Ballukut i \u00ebsht\u00eb k\u00ebrkuar q\u00eb jet\u00eb e shoq\u00ebruar me avokat. Prokuroria e Posa\u00e7me nuk ka dh\u00ebn\u00eb asnj\u00eb detaj p\u00ebr k\u00ebt\u00eb \u00e7\u00ebshtje, por gjat\u00eb seanc\u00ebs s\u00eb t\u00eb enjtes s\u00eb kaluar, ku kreu\u00a0Altin Dumani\u00a0raportoi n\u00eb kuvend, &hellip;<\/p>\n","protected":false},"author":4,"featured_media":107931,"comment_status":"closed","ping_status":"closed","sticky":false,"template":"","format":"standard","meta":{"footnotes":""},"categories":[37],"tags":[],"class_list":["post-127097","post","type-post","status-publish","format-standard","has-post-thumbnail","","category-politike"],"_links":{"self":[{"href":"https:\/\/rdnews.al\/index.php\/wp-json\/wp\/v2\/posts\/127097","targetHints":{"allow":["GET"]}}],"collection":[{"href":"https:\/\/rdnews.al\/index.php\/wp-json\/wp\/v2\/posts"}],"about":[{"href":"https:\/\/rdnews.al\/index.php\/wp-json\/wp\/v2\/types\/post"}],"author":[{"embeddable":true,"href":"https:\/\/rdnews.al\/index.php\/wp-json\/wp\/v2\/users\/4"}],"replies":[{"embeddable":true,"href":"https:\/\/rdnews.al\/index.php\/wp-json\/wp\/v2\/comments?post=127097"}],"version-history":[{"count":1,"href":"https:\/\/rdnews.al\/index.php\/wp-json\/wp\/v2\/posts\/127097\/revisions"}],"predecessor-version":[{"id":127098,"href":"https:\/\/rdnews.al\/index.php\/wp-json\/wp\/v2\/posts\/127097\/revisions\/127098"}],"wp:featuredmedia":[{"embeddable":true,"href":"https:\/\/rdnews.al\/index.php\/wp-json\/wp\/v2\/media\/107931"}],"wp:attachment":[{"href":"https:\/\/rdnews.al\/index.php\/wp-json\/wp\/v2\/media?parent=127097"}],"wp:term":[{"taxonomy":"category","embeddable":true,"href":"https:\/\/rdnews.al\/index.php\/wp-json\/wp\/v2\/categories?post=127097"},{"taxonomy":"post_tag","embeddable":true,"href":"https:\/\/rdnews.al\/index.php\/wp-json\/wp\/v2\/tags?post=127097"}],"curies":[{"name":"wp","href":"https:\/\/api.w.org\/{rel}","templated":true}]}}