{"id":127104,"date":"2025-10-31T10:36:04","date_gmt":"2025-10-31T10:36:04","guid":{"rendered":"https:\/\/rdnews.al\/?p=127104"},"modified":"2025-10-31T10:36:04","modified_gmt":"2025-10-31T10:36:04","slug":"bardhi-pse-niko-peleshi-do-duhej-te-ishte-shkarkuar-si-kryeparlamentar","status":"publish","type":"post","link":"https:\/\/rdnews.al\/index.php\/2025\/10\/31\/bardhi-pse-niko-peleshi-do-duhej-te-ishte-shkarkuar-si-kryeparlamentar\/","title":{"rendered":"Bardhi: Pse Niko Peleshi do duhej t\u00eb ishte shkarkuar si Kryeparlamentar!"},"content":{"rendered":"<p>Kryetari i Grupit Parlamentar t\u00eb PD, Gazment Bardhi i \u00ebsht\u00eb drejtuar me nj\u00eb shkres\u00eb Kryetarit t\u00eb Kuvendit, Niko Peleshi, duke i b\u00ebr\u00eb t\u00eb ditur se ka shkelur Kushtetut\u00ebn dhe Rregulloren e Kuvendit n\u00eb zgjedhjen e Kryetarit dhe an\u00ebtar\u00ebve t\u00eb Komisionit Rregullator t\u00eb Komisionit Qendror t\u00eb Zgjedhjeve.<\/p>\n<p>Bardhi argumenton se neni 17, pika 1 e Kodit Zgjedhor, specifikon qart\u00ebsisht se:\u00a0\u201cKomisioneri, an\u00ebtar\u00ebt e Rregullatorit dhe an\u00ebtar\u00ebt e KAS-it zgjidhen nga Kuvendi i Republik\u00ebs s\u00eb Shqip\u00ebris\u00eb me jo m\u00eb pak se tre t\u00eb pestat e votave t\u00eb t\u00eb gjith\u00eb an\u00ebtar\u00ebve t\u00eb Kuvendit.\u201d<\/p>\n<p>\u201cN\u00eb k\u00ebt\u00eb kuad\u00ebr, sa koh\u00eb ligji k\u00ebrkon nj\u00eb shumic\u00eb t\u00eb cil\u00ebsuar prej 3\/5 s\u00eb an\u00ebtar\u00ebve t\u00eb Kuvendit, sipas pik\u00ebs 3, t\u00eb nenit 55 t\u00eb Rregullores s\u00eb Kuvendit, projektvendimet p\u00ebrkat\u00ebse nuk mund t\u00eb konsiderohen t\u00eb miratuara. P\u00ebr k\u00ebt\u00eb arsye, n\u00eb mb\u00ebshtetje t\u00eb nenit 61 t\u00eb Rregullores s\u00eb Kuvendit, ku specifikohet se: \u2018\u00c7do votim i kryer n\u00eb kund\u00ebrshtim me Kushtetut\u00ebn, ligjin ose Rregulloren e Kuvendit \u00ebsht\u00eb i pavlefsh\u00ebm\u2019, k\u00ebrkojm\u00eb q\u00eb, pasi t\u00eb merrni edhe mendimin e Sekretariatit p\u00ebr Procedurat dhe Votimet, t\u00eb urdh\u00ebroni anulimin e votimit dhe p\u00ebrs\u00ebritjen e menj\u00ebhershme t\u00eb tij,\u201d \u2013 shkruan Bardhi.<\/p>\n<p>M\u00eb tej, Kryetari i Grupit t\u00eb PD thekson se kjo \u00ebsht\u00eb nj\u00eb tjet\u00ebr arsye pse Niko Peleshi do duhej t\u00eb ishte shkarkuar si Kryeparlamentar.<\/p>\n<p>\u201cKy rast provon edhe nj\u00ebher\u00eb se mocioni i opozit\u00ebs p\u00ebr shkarkimin tuaj ishte i drejt\u00eb. Ju nuk keni as kapacitetin dhe as integritetin e duhur p\u00ebr drejtimin e Kuvendit. Ju vijoni t\u00eb mendoni se urdhri politik i Taulant Ball\u00ebs \u00ebsht\u00eb mbi Kushtetut\u00eb, mbi ligj, mbi Rregulloren e Kuvendit. Ju vijoni t\u00eb keni bindjen se mjafton t\u00eb votoj\u00eb \u2018pro\u2019 Taulant Balla dhe aktet n\u00eb Kuvend s\u2019kan\u00eb nevoj\u00eb p\u00ebr kuorum sipas ligjit, sepse i quani t\u00eb miratuara\u201d.<\/p>\n<p>Gazment Bardhi k\u00ebrkon anulimin e votimit dhe p\u00ebrs\u00ebritjen e tij.<\/p>\n","protected":false},"excerpt":{"rendered":"<p>Kryetari i Grupit Parlamentar t\u00eb PD, Gazment Bardhi i \u00ebsht\u00eb drejtuar me nj\u00eb shkres\u00eb Kryetarit t\u00eb Kuvendit, Niko Peleshi, duke i b\u00ebr\u00eb t\u00eb ditur se ka shkelur Kushtetut\u00ebn dhe Rregulloren e Kuvendit n\u00eb zgjedhjen e Kryetarit dhe an\u00ebtar\u00ebve t\u00eb Komisionit Rregullator t\u00eb Komisionit Qendror t\u00eb Zgjedhjeve. Bardhi argumenton se neni 17, pika 1 e Kodit &hellip;<\/p>\n","protected":false},"author":4,"featured_media":126077,"comment_status":"closed","ping_status":"closed","sticky":false,"template":"","format":"standard","meta":{"footnotes":""},"categories":[37],"tags":[],"class_list":["post-127104","post","type-post","status-publish","format-standard","has-post-thumbnail","","category-politike"],"_links":{"self":[{"href":"https:\/\/rdnews.al\/index.php\/wp-json\/wp\/v2\/posts\/127104","targetHints":{"allow":["GET"]}}],"collection":[{"href":"https:\/\/rdnews.al\/index.php\/wp-json\/wp\/v2\/posts"}],"about":[{"href":"https:\/\/rdnews.al\/index.php\/wp-json\/wp\/v2\/types\/post"}],"author":[{"embeddable":true,"href":"https:\/\/rdnews.al\/index.php\/wp-json\/wp\/v2\/users\/4"}],"replies":[{"embeddable":true,"href":"https:\/\/rdnews.al\/index.php\/wp-json\/wp\/v2\/comments?post=127104"}],"version-history":[{"count":1,"href":"https:\/\/rdnews.al\/index.php\/wp-json\/wp\/v2\/posts\/127104\/revisions"}],"predecessor-version":[{"id":127106,"href":"https:\/\/rdnews.al\/index.php\/wp-json\/wp\/v2\/posts\/127104\/revisions\/127106"}],"wp:featuredmedia":[{"embeddable":true,"href":"https:\/\/rdnews.al\/index.php\/wp-json\/wp\/v2\/media\/126077"}],"wp:attachment":[{"href":"https:\/\/rdnews.al\/index.php\/wp-json\/wp\/v2\/media?parent=127104"}],"wp:term":[{"taxonomy":"category","embeddable":true,"href":"https:\/\/rdnews.al\/index.php\/wp-json\/wp\/v2\/categories?post=127104"},{"taxonomy":"post_tag","embeddable":true,"href":"https:\/\/rdnews.al\/index.php\/wp-json\/wp\/v2\/tags?post=127104"}],"curies":[{"name":"wp","href":"https:\/\/api.w.org\/{rel}","templated":true}]}}