{"id":127107,"date":"2025-10-31T10:44:23","date_gmt":"2025-10-31T10:44:23","guid":{"rendered":"https:\/\/rdnews.al\/?p=127107"},"modified":"2025-10-31T10:44:23","modified_gmt":"2025-10-31T10:44:23","slug":"veliaj-shperthen-ndaj-rames-qeveria-me-shkeli-te-drejtat-goditja-me-erdhi-nga-te-mite","status":"publish","type":"post","link":"https:\/\/rdnews.al\/index.php\/2025\/10\/31\/veliaj-shperthen-ndaj-rames-qeveria-me-shkeli-te-drejtat-goditja-me-erdhi-nga-te-mite\/","title":{"rendered":"Veliaj shp\u00ebrthen ndaj Ram\u00ebs: Qeveria m\u00eb shkeli t\u00eb drejtat! Goditja m\u00eb erdhi nga t\u00eb mit\u00eb&#8230;"},"content":{"rendered":"<p>N\u00eb seanc\u00ebn publike q\u00eb po zhvillohet n\u00eb Gjykat\u00ebn Kushtetuese, Erion Veliaj, ka folur p\u00ebr vendimin e qeveris\u00eb p\u00ebr shkarkimin e tij dhe dekretin e presidentit p\u00ebr zgjedhjet n\u00eb kryeqytet, duke akuzuar qeverin\u00eb p\u00ebr shkelje t\u00eb t\u00eb drejtave dhe denigrim. Deklarata e Veliajt la p\u00ebr t\u00eb n\u00ebnkuptuar taktikat e Edi Ram\u00ebs, ai tha se vota e lir\u00eb po tjet\u00ebrsohet me q\u00ebllimin p\u00ebr t\u00eb sunduar.<\/p>\n<p>\u201cKjo \u00ebsht\u00eb nj\u00eb historike. Demokracin\u00eb ta ruajm\u00eb si pasuri jo ta sakrifikojm\u00eb p\u00ebr nj\u00eb gj\u00eb t\u00eb momentit. Kjo c\u00ebshtje do p\u00ebrcaktoj\u00eb n\u00eb se pushteti do i p\u00ebrkas\u00eb qytetar\u00ebve. Republika nuk rrezikohet nga asnj\u00eb armik i jasht\u00ebm.\u00a0Sot jam k\u00ebtu p\u00ebr t\u00eb mbrojtur deri n\u00eb fund betimin tim ndaj kushtetut\u00ebs dhe kontrat\u00ebn me qytetar\u00ebt e Tiran\u00ebs. Do e mbroj k\u00ebt\u00eb betim deri n\u00eb fund, nuk ka dicka m\u00eb besnike se kjo\u201d,\u00a0tha Veliaj.<\/p>\n<p>Erion Veliaj i k\u00ebrkoi trup\u00ebs q\u00eb t\u00eb mbroj\u00eb demokracin\u00eb e cila sipas tij \u00ebsht\u00eb v\u00ebn\u00eb n\u00eb sprov\u00eb.<\/p>\n<p>Teksa e cil\u00ebson arrestimin e tij si nj\u00eb rr\u00ebmbim e mbyllje me vras\u00ebs serial, Veliaj insiston se nuk ka b\u00ebr\u00eb asnj\u00eb shkelje t\u00eb r\u00ebnd\u00eb p\u00ebr ta shkarkuar nga detyra.<\/p>\n<p>\u201cKjo \u00ebsht\u00eb e drejta ime p\u00ebr t\u00eb qen\u00eb k\u00ebtu. Faleminderit q\u00eb m\u00eb dhat\u00eb k\u00ebt\u00eb t\u00eb drejt\u00eb. Kam pritur 9 muaj p\u00ebr k\u00ebt\u00eb t\u00eb drejt\u00eb. Me kan\u00eb izoluar n\u00eb nj\u00eb qeli me vras\u00ebs serial\u00eb. Kam p\u00ebrjetuar nj\u00eb periudh\u00eb t\u00eb gjat\u00eb me shkelje t\u00eb t\u00eb drejtave. Ky \u00ebsht\u00eb nj\u00eb p\u00ebr\u00e7mim ndaj vot\u00ebs. Ky \u00ebsht\u00eb nj\u00eb p\u00ebr\u00e7mimi q\u00eb populli i jep republik\u00ebs p\u00ebr ta drejtuar n\u00eb em\u00ebr t\u00eb tij. Jam k\u00ebtu si kryetar i bashkis\u00eb s\u00eb Tiran\u00ebs me t\u00eb drejt\u00ebn q\u00eb ma kan\u00eb dh\u00ebn\u00eb 165 mij\u00eb qytetar\u00eb. Nuk kam kryer asnj\u00eb shkelje. Jam k\u00ebtu p\u00ebr t\u00eb k\u00ebrkuar mbrojtjen e demokracis\u00eb q\u00eb sot po vihet n\u00eb sprov\u00eb. Jemi betuar q\u00eb ta mbrojm\u00eb demokracin\u00eb. Ky nuk \u00ebsht\u00eb mandati im, por nj\u00eb kontrat\u00eb bes\u00eblidhje dhe do b\u00ebj gjith\u00e7ka q\u00eb ma lejon ligji p\u00ebr ta mbrojtur k\u00ebt\u00eb kontrat\u00eb. Askush nuk mund ta nd\u00ebrpres\u00eb mandatin e nj\u00eb t\u00eb zgjedhuri. Me respekt, pyes \u00e7far\u00eb shkelje t\u00eb r\u00ebnd\u00eb kam kryer un\u00eb?\u201d,\u00a0tha Veliaj n\u00eb Gjykat\u00eb.<\/p>\n","protected":false},"excerpt":{"rendered":"<p>N\u00eb seanc\u00ebn publike q\u00eb po zhvillohet n\u00eb Gjykat\u00ebn Kushtetuese, Erion Veliaj, ka folur p\u00ebr vendimin e qeveris\u00eb p\u00ebr shkarkimin e tij dhe dekretin e presidentit p\u00ebr zgjedhjet n\u00eb kryeqytet, duke akuzuar qeverin\u00eb p\u00ebr shkelje t\u00eb t\u00eb drejtave dhe denigrim. Deklarata e Veliajt la p\u00ebr t\u00eb n\u00ebnkuptuar taktikat e Edi Ram\u00ebs, ai tha se vota e &hellip;<\/p>\n","protected":false},"author":4,"featured_media":127108,"comment_status":"closed","ping_status":"closed","sticky":false,"template":"","format":"standard","meta":{"footnotes":""},"categories":[37],"tags":[],"class_list":["post-127107","post","type-post","status-publish","format-standard","has-post-thumbnail","","category-politike"],"_links":{"self":[{"href":"https:\/\/rdnews.al\/index.php\/wp-json\/wp\/v2\/posts\/127107","targetHints":{"allow":["GET"]}}],"collection":[{"href":"https:\/\/rdnews.al\/index.php\/wp-json\/wp\/v2\/posts"}],"about":[{"href":"https:\/\/rdnews.al\/index.php\/wp-json\/wp\/v2\/types\/post"}],"author":[{"embeddable":true,"href":"https:\/\/rdnews.al\/index.php\/wp-json\/wp\/v2\/users\/4"}],"replies":[{"embeddable":true,"href":"https:\/\/rdnews.al\/index.php\/wp-json\/wp\/v2\/comments?post=127107"}],"version-history":[{"count":1,"href":"https:\/\/rdnews.al\/index.php\/wp-json\/wp\/v2\/posts\/127107\/revisions"}],"predecessor-version":[{"id":127109,"href":"https:\/\/rdnews.al\/index.php\/wp-json\/wp\/v2\/posts\/127107\/revisions\/127109"}],"wp:featuredmedia":[{"embeddable":true,"href":"https:\/\/rdnews.al\/index.php\/wp-json\/wp\/v2\/media\/127108"}],"wp:attachment":[{"href":"https:\/\/rdnews.al\/index.php\/wp-json\/wp\/v2\/media?parent=127107"}],"wp:term":[{"taxonomy":"category","embeddable":true,"href":"https:\/\/rdnews.al\/index.php\/wp-json\/wp\/v2\/categories?post=127107"},{"taxonomy":"post_tag","embeddable":true,"href":"https:\/\/rdnews.al\/index.php\/wp-json\/wp\/v2\/tags?post=127107"}],"curies":[{"name":"wp","href":"https:\/\/api.w.org\/{rel}","templated":true}]}}