{"id":127110,"date":"2025-10-31T11:16:28","date_gmt":"2025-10-31T11:16:28","guid":{"rendered":"https:\/\/rdnews.al\/?p=127110"},"modified":"2025-10-31T11:16:28","modified_gmt":"2025-10-31T11:16:28","slug":"mos-jeto-aty-ku-nje-votues-blihet-me-lire-se-nje-dele","status":"publish","type":"post","link":"https:\/\/rdnews.al\/index.php\/2025\/10\/31\/mos-jeto-aty-ku-nje-votues-blihet-me-lire-se-nje-dele\/","title":{"rendered":"Mos jeto aty ku nj\u00eb votues blihet m\u00eb lir\u00eb se nj\u00eb dele!"},"content":{"rendered":"<p><strong>Nga\u00a0Kim MEHMETI<\/strong><\/p>\n<p>Me siguri e shihni se sa m\u00eb shum\u00eb rritet numri i patriot\u00ebve dhe drejtuesve partiak q\u00eb luftojn\u00eb p\u00ebr t\u00eb mir\u00ebn e popullit, aq m\u00eb shum\u00eb shtohen autobus\u00ebt me t\u00eb rinjt\u00eb tan\u00eb q\u00eb shtegtojn\u00eb n\u00ebp\u00ebr metropolet Per\u00ebndimore.<\/p>\n<p>Dhe ata t\u00eb rinj me vete marrin kujtimet nga vendlindja q\u00eb nuk i deshi dhe vetveten e d\u00ebshp\u00ebruar q\u00eb do i shoq\u00ebroj\u00eb kudo q\u00eb t\u00eb shkojn\u00eb dhe me k\u00ebdo q\u00eb t\u00eb jen\u00eb.<\/p>\n<p>Pa dyshim se e keni v\u00ebrejtur se sa m\u00eb shum\u00eb shtohen xhamit\u00eb me shum\u00eb minare ku falen drejtuesit tan\u00eb partiak pa din e iman q\u00eb thirren n\u00eb Zot e n\u00eb fe, aq m\u00eb shum\u00eb shtohet numri i politikan\u00ebve hajdut\u00eb t\u00eb veshur me petkun proper\u00ebndimor\u00eb dhe proamerikan\u00eb?<\/p>\n<p>Dhe k\u00ebta politikan\u00eb i drejtojn\u00eb shoq\u00ebrit\u00eb tona ku bamir\u00ebs m\u00eb t\u00eb m\u00ebdhenj jan\u00eb narkodiler\u00ebt dhe ku spektakle m\u00eb t\u00eb shikuar televiziv\u00eb jan\u00eb ato ku fukarenjt\u00eb e vajtojn\u00eb varf\u00ebrin\u00eb e vet e ku grumbulluesit e kontributeve bamir\u00ebse pasurohen nga mjerimin i hallexhinjve skamnor\u00eb.<\/p>\n<p>S\u2019ka si mos ta keni d\u00ebgjuar proverbin se t\u00eb vetmin q\u00eb kurr\u00eb nuk mund ta zgjosh nga gjumi \u00ebsht\u00eb ai q\u00eb shtiret se \u00ebsht\u00eb duke fjetur.<\/p>\n<p>Me \u00e7ka e dini se m\u00ebkot i shpjegoni \u00e7ka do qoft\u00eb atij q\u00eb shtiret se as sheh as d\u00ebgjon gj\u00eb nga ajo q\u00eb \u00ebsht\u00eb duke ndodhur rreth nesh.<\/p>\n<p>\u00cbsht\u00eb e pamundur mos t\u00eb dini gj\u00eb lidhur me t\u00eb gjitha q\u00eb u than\u00eb m\u00eb lart\u00eb, por ju ato i heshtni ngaq\u00eb nuk e dini se heshtja e t\u00eb v\u00ebrtetave \u00ebsht\u00eb g\u00ebnjeshtra m\u00eb e madhe.<\/p>\n<p>Dhe me k\u00ebt\u00eb nuk e keni kuptuar se jo politikan\u00ebt, por ne jemi g\u00ebnjeshtar\u00ebt m\u00eb t\u00eb m\u00ebdhenj t\u00eb\u00a0 vetvetes, me \u00e7ka edhe shtiremi q\u00eb nuk e dim\u00eb se nuk duhet t\u00eb jetosh n\u00eb nj\u00eb vend ku votuesi kushton m\u00eb lir\u00eb se nj\u00eb dele, aty ku nga \u00e7do kund ulurin pak\u00ebnaq\u00ebsia, por ku \u00ebsht\u00eb pllakosur heshtja.<\/p>\n<p>Heshtje q\u00eb simbolizon vdekjen e nj\u00eb shoq\u00ebrie, heshtje q\u00eb tregon se aty jetojn\u00eb shum\u00eb pak\u00eb njer\u00ebz e shum\u00eb t\u00eb maskuar si t\u00eb till\u00eb.<\/p>\n","protected":false},"excerpt":{"rendered":"<p>Nga\u00a0Kim MEHMETI Me siguri e shihni se sa m\u00eb shum\u00eb rritet numri i patriot\u00ebve dhe drejtuesve partiak q\u00eb luftojn\u00eb p\u00ebr t\u00eb mir\u00ebn e popullit, aq m\u00eb shum\u00eb shtohen autobus\u00ebt me t\u00eb rinjt\u00eb tan\u00eb q\u00eb shtegtojn\u00eb n\u00ebp\u00ebr metropolet Per\u00ebndimore. Dhe ata t\u00eb rinj me vete marrin kujtimet nga vendlindja q\u00eb nuk i deshi dhe vetveten e &hellip;<\/p>\n","protected":false},"author":4,"featured_media":31380,"comment_status":"closed","ping_status":"closed","sticky":false,"template":"","format":"standard","meta":{"footnotes":""},"categories":[37],"tags":[],"class_list":["post-127110","post","type-post","status-publish","format-standard","has-post-thumbnail","","category-politike"],"_links":{"self":[{"href":"https:\/\/rdnews.al\/index.php\/wp-json\/wp\/v2\/posts\/127110","targetHints":{"allow":["GET"]}}],"collection":[{"href":"https:\/\/rdnews.al\/index.php\/wp-json\/wp\/v2\/posts"}],"about":[{"href":"https:\/\/rdnews.al\/index.php\/wp-json\/wp\/v2\/types\/post"}],"author":[{"embeddable":true,"href":"https:\/\/rdnews.al\/index.php\/wp-json\/wp\/v2\/users\/4"}],"replies":[{"embeddable":true,"href":"https:\/\/rdnews.al\/index.php\/wp-json\/wp\/v2\/comments?post=127110"}],"version-history":[{"count":1,"href":"https:\/\/rdnews.al\/index.php\/wp-json\/wp\/v2\/posts\/127110\/revisions"}],"predecessor-version":[{"id":127111,"href":"https:\/\/rdnews.al\/index.php\/wp-json\/wp\/v2\/posts\/127110\/revisions\/127111"}],"wp:featuredmedia":[{"embeddable":true,"href":"https:\/\/rdnews.al\/index.php\/wp-json\/wp\/v2\/media\/31380"}],"wp:attachment":[{"href":"https:\/\/rdnews.al\/index.php\/wp-json\/wp\/v2\/media?parent=127110"}],"wp:term":[{"taxonomy":"category","embeddable":true,"href":"https:\/\/rdnews.al\/index.php\/wp-json\/wp\/v2\/categories?post=127110"},{"taxonomy":"post_tag","embeddable":true,"href":"https:\/\/rdnews.al\/index.php\/wp-json\/wp\/v2\/tags?post=127110"}],"curies":[{"name":"wp","href":"https:\/\/api.w.org\/{rel}","templated":true}]}}