{"id":127113,"date":"2025-10-31T11:39:49","date_gmt":"2025-10-31T11:39:49","guid":{"rendered":"https:\/\/rdnews.al\/?p=127113"},"modified":"2025-10-31T11:39:49","modified_gmt":"2025-10-31T11:39:49","slug":"rakip-suli-merr-vendimin-rrit-cmimin-e-biletave-per-linjen-e-urbanit-kamez-tirane","status":"publish","type":"post","link":"https:\/\/rdnews.al\/index.php\/2025\/10\/31\/rakip-suli-merr-vendimin-rrit-cmimin-e-biletave-per-linjen-e-urbanit-kamez-tirane\/","title":{"rendered":"Rakip Suli merr vendimin, rrit \u00e7mimin e biletave p\u00ebr linj\u00ebn e urbanit Kam\u00ebz\u2013Tiran\u00eb!"},"content":{"rendered":"<p>Nga data 1 n\u00ebntor, udh\u00ebtimi me transportin urban n\u00eb linj\u00ebn Kam\u00ebz\u2013Tiran\u00eb do t\u2019u kushtoj\u00eb m\u00eb shtrenjt\u00eb qytetar\u00ebve. \u00c7mimi i bilet\u00ebs do t\u00eb rritet nga 40 n\u00eb 50 lek\u00eb, nd\u00ebrsa abonet\u00eb mujore do t\u00eb shkojn\u00eb nga 12 mij\u00eb n\u00eb 14 mij\u00eb lek\u00eb.<\/p>\n<p>Operatori i linj\u00ebs i \u00ebsht\u00eb drejtuar Bashkis\u00eb Kam\u00ebz me nj\u00eb k\u00ebrkes\u00eb zyrtare p\u00ebr rritjen e tarifave, duke argumentuar vendimin me shtimin e kostove t\u00eb karburantit dhe shpenzimeve operative.<\/p>\n<p>Kjo rritje drastike vjen n\u00eb nj\u00eb moment kur qytetar\u00ebt p\u00ebrballen me kriz\u00eb ekonomike dhe inflacion t\u00eb lart\u00eb dhe tregon qart\u00eb se qeveria dhe bashkia n\u00eb Kam\u00ebz nuk kan\u00eb asnj\u00eb konsiderat\u00eb p\u00ebr vuajtjet dhe nevojat reale t\u00eb popullit.<\/p>\n<p>Pa asnj\u00eb transparenc\u00eb dhe dialog, Rakipi dhe struktura e tij administrative kan\u00eb vendosur t\u00eb mbushin xhepat e tyre n\u00eb kurriz t\u00eb qytetar\u00ebve, duke kthyer sh\u00ebrbimin publik n\u00eb nj\u00eb luks t\u00eb paarritsh\u00ebm p\u00ebr shumic\u00ebn.<\/p>\n<p>&nbsp;<\/p>\n","protected":false},"excerpt":{"rendered":"<p>Nga data 1 n\u00ebntor, udh\u00ebtimi me transportin urban n\u00eb linj\u00ebn Kam\u00ebz\u2013Tiran\u00eb do t\u2019u kushtoj\u00eb m\u00eb shtrenjt\u00eb qytetar\u00ebve. \u00c7mimi i bilet\u00ebs do t\u00eb rritet nga 40 n\u00eb 50 lek\u00eb, nd\u00ebrsa abonet\u00eb mujore do t\u00eb shkojn\u00eb nga 12 mij\u00eb n\u00eb 14 mij\u00eb lek\u00eb. Operatori i linj\u00ebs i \u00ebsht\u00eb drejtuar Bashkis\u00eb Kam\u00ebz me nj\u00eb k\u00ebrkes\u00eb zyrtare p\u00ebr rritjen &hellip;<\/p>\n","protected":false},"author":4,"featured_media":39574,"comment_status":"closed","ping_status":"closed","sticky":false,"template":"","format":"standard","meta":{"footnotes":""},"categories":[37],"tags":[],"class_list":["post-127113","post","type-post","status-publish","format-standard","has-post-thumbnail","","category-politike"],"_links":{"self":[{"href":"https:\/\/rdnews.al\/index.php\/wp-json\/wp\/v2\/posts\/127113","targetHints":{"allow":["GET"]}}],"collection":[{"href":"https:\/\/rdnews.al\/index.php\/wp-json\/wp\/v2\/posts"}],"about":[{"href":"https:\/\/rdnews.al\/index.php\/wp-json\/wp\/v2\/types\/post"}],"author":[{"embeddable":true,"href":"https:\/\/rdnews.al\/index.php\/wp-json\/wp\/v2\/users\/4"}],"replies":[{"embeddable":true,"href":"https:\/\/rdnews.al\/index.php\/wp-json\/wp\/v2\/comments?post=127113"}],"version-history":[{"count":1,"href":"https:\/\/rdnews.al\/index.php\/wp-json\/wp\/v2\/posts\/127113\/revisions"}],"predecessor-version":[{"id":127114,"href":"https:\/\/rdnews.al\/index.php\/wp-json\/wp\/v2\/posts\/127113\/revisions\/127114"}],"wp:featuredmedia":[{"embeddable":true,"href":"https:\/\/rdnews.al\/index.php\/wp-json\/wp\/v2\/media\/39574"}],"wp:attachment":[{"href":"https:\/\/rdnews.al\/index.php\/wp-json\/wp\/v2\/media?parent=127113"}],"wp:term":[{"taxonomy":"category","embeddable":true,"href":"https:\/\/rdnews.al\/index.php\/wp-json\/wp\/v2\/categories?post=127113"},{"taxonomy":"post_tag","embeddable":true,"href":"https:\/\/rdnews.al\/index.php\/wp-json\/wp\/v2\/tags?post=127113"}],"curies":[{"name":"wp","href":"https:\/\/api.w.org\/{rel}","templated":true}]}}