{"id":127116,"date":"2025-10-31T11:55:28","date_gmt":"2025-10-31T11:55:28","guid":{"rendered":"https:\/\/rdnews.al\/?p=127116"},"modified":"2025-10-31T11:55:28","modified_gmt":"2025-10-31T11:55:28","slug":"kurti-rrit-pensionet-ne-150-euro-dhe-shtesat-per-nenat-me-femije-deri-ne-50","status":"publish","type":"post","link":"https:\/\/rdnews.al\/index.php\/2025\/10\/31\/kurti-rrit-pensionet-ne-150-euro-dhe-shtesat-per-nenat-me-femije-deri-ne-50\/","title":{"rendered":"Kurti rrit pensionet n\u00eb 150 euro dhe shtesat p\u00ebr n\u00ebnat me f\u00ebmij\u00eb deri n\u00eb 50%"},"content":{"rendered":"<p>Kryeministri i Kosov\u00ebs, Albin Kurti, ka njoftuar se nga muaji n\u00ebntor do t\u00eb rriten pensionet dhe shtesat p\u00ebr n\u00ebnat me f\u00ebmij\u00eb. Ai b\u00ebri me dije se ky vendim hyn n\u00eb fuqi nes\u00ebr.<\/p>\n<p>N\u00eb mbledhjen e Qeveris\u00eb, Kurti tha\u00a0se rritja p\u00ebr pensionist\u00ebt do t\u00eb jet\u00eb nga 120 euro n\u00eb 150, teksa p\u00ebr n\u00ebnat shtesat do t\u00eb rriten p\u00ebr 50 p\u00ebrqind.<\/p>\n<p>Vendimi p\u00ebr pensionet, Kurti tha se prek rreth 200 mij\u00eb pensionist\u00eb.<\/p>\n<p>\u201cAshtu si\u00e7 ju kam premtuar, sot ka lajme t\u00eb mira edhe p\u00ebr pensionist\u00ebt sepse pensioni minimal nga 120 euro do t\u00eb b\u00ebhet 150 euro, duke filluar nga muaji n\u00ebntor, q\u00eb fillon nes\u00ebr. Kjo rritje prek rreth 200 mij\u00eb pensionist\u00eb n\u00eb kategorit\u00eb e pensioneve\u201d, deklaroi Kurti.<\/p>\n<p>Ai shpjegoi edhe rritjen p\u00ebr f\u00ebmij\u00ebt 0-16 vjet.<\/p>\n<p>\u201cKam premtuar se do t\u00eb ket\u00eb lajm t\u00eb mir\u00eb edhe p\u00ebr n\u00ebnat q\u00eb marrin shtesa p\u00ebr f\u00ebmij\u00eb. Nga muaji n\u00ebntor, shtesat p\u00ebr t\u00eb gjith\u00eb f\u00ebmij\u00ebt nga 0-16 vjet e q\u00eb jan\u00eb rreth 400 mij\u00eb, do t\u00eb rriten p\u00ebr 50 p\u00ebrqind. Nj\u00eb n\u00ebn\u00eb me dy f\u00ebmij\u00eb q\u00eb k\u00ebt\u00eb muaj ka marr\u00eb 40 euro, nga muaji i ardhsh\u00ebm do t\u2019i marr 60 euro. Sikurse \u00e7do her\u00eb, shum\u00eb lajme t\u00eb mira p\u00ebr t\u00eb gjith\u00eb\u201d, tha Kurti.<\/p>\n","protected":false},"excerpt":{"rendered":"<p>Kryeministri i Kosov\u00ebs, Albin Kurti, ka njoftuar se nga muaji n\u00ebntor do t\u00eb rriten pensionet dhe shtesat p\u00ebr n\u00ebnat me f\u00ebmij\u00eb. Ai b\u00ebri me dije se ky vendim hyn n\u00eb fuqi nes\u00ebr. N\u00eb mbledhjen e Qeveris\u00eb, Kurti tha\u00a0se rritja p\u00ebr pensionist\u00ebt do t\u00eb jet\u00eb nga 120 euro n\u00eb 150, teksa p\u00ebr n\u00ebnat shtesat do t\u00eb &hellip;<\/p>\n","protected":false},"author":4,"featured_media":105054,"comment_status":"closed","ping_status":"closed","sticky":false,"template":"","format":"standard","meta":{"footnotes":""},"categories":[37],"tags":[],"class_list":["post-127116","post","type-post","status-publish","format-standard","has-post-thumbnail","","category-politike"],"_links":{"self":[{"href":"https:\/\/rdnews.al\/index.php\/wp-json\/wp\/v2\/posts\/127116","targetHints":{"allow":["GET"]}}],"collection":[{"href":"https:\/\/rdnews.al\/index.php\/wp-json\/wp\/v2\/posts"}],"about":[{"href":"https:\/\/rdnews.al\/index.php\/wp-json\/wp\/v2\/types\/post"}],"author":[{"embeddable":true,"href":"https:\/\/rdnews.al\/index.php\/wp-json\/wp\/v2\/users\/4"}],"replies":[{"embeddable":true,"href":"https:\/\/rdnews.al\/index.php\/wp-json\/wp\/v2\/comments?post=127116"}],"version-history":[{"count":1,"href":"https:\/\/rdnews.al\/index.php\/wp-json\/wp\/v2\/posts\/127116\/revisions"}],"predecessor-version":[{"id":127117,"href":"https:\/\/rdnews.al\/index.php\/wp-json\/wp\/v2\/posts\/127116\/revisions\/127117"}],"wp:featuredmedia":[{"embeddable":true,"href":"https:\/\/rdnews.al\/index.php\/wp-json\/wp\/v2\/media\/105054"}],"wp:attachment":[{"href":"https:\/\/rdnews.al\/index.php\/wp-json\/wp\/v2\/media?parent=127116"}],"wp:term":[{"taxonomy":"category","embeddable":true,"href":"https:\/\/rdnews.al\/index.php\/wp-json\/wp\/v2\/categories?post=127116"},{"taxonomy":"post_tag","embeddable":true,"href":"https:\/\/rdnews.al\/index.php\/wp-json\/wp\/v2\/tags?post=127116"}],"curies":[{"name":"wp","href":"https:\/\/api.w.org\/{rel}","templated":true}]}}