{"id":127118,"date":"2025-10-31T11:59:14","date_gmt":"2025-10-31T11:59:14","guid":{"rendered":"https:\/\/rdnews.al\/?p=127118"},"modified":"2025-10-31T11:59:35","modified_gmt":"2025-10-31T11:59:35","slug":"berisha-prokurori-qe-guxoi-te-therrase-lubi-ballukun-eshte-kercenuar-nga-vrases-nga-altin-troplini-dhe-nga-edi-rama","status":"publish","type":"post","link":"https:\/\/rdnews.al\/index.php\/2025\/10\/31\/berisha-prokurori-qe-guxoi-te-therrase-lubi-ballukun-eshte-kercenuar-nga-vrases-nga-altin-troplini-dhe-nga-edi-rama\/","title":{"rendered":"Prokurori q\u00eb guxoi t\u00eb th\u00ebrras\u00eb Lubi Ballukun \u00ebsht\u00eb k\u00ebrc\u00ebnuar nga vras\u00ebs, nga Altin \u201cTroplini\u201d dhe nga Edi Rama!"},"content":{"rendered":"<p>Kryetari i PD, Sali Berisha, n\u00eb mbledhjen e sotme t\u00eb Grupit Parlamentar, ka hedhur akuza ndaj kryeministrit Edi Rama dhe drejtuesve t\u00eb institucioneve t\u00eb drejt\u00ebsis\u00eb, duke deklaruar se prokurori q\u00eb guxoi t\u00eb th\u00ebrras\u00eb Luli Ballukun \u00ebsht\u00eb k\u00ebrc\u00ebnuar nga vras\u00ebs, nga Altin Troplini dhe nga Edi Rama.<\/p>\n<p>Berisha tha se, vendi ndodhet n\u00eb nj\u00eb moment kritik, ku ngrehina e narkoshtetit kund\u00ebrmon m\u00eb shum\u00eb se kurr\u00eb dhe ku drejt\u00ebsia, sipas tij, \u00ebsht\u00eb e kapur nga pushteti. Ai e cil\u00ebsoi si\u00a0 nj\u00eb akt guximi t\u00eb jasht\u00ebzakonsh\u00ebm\u201d thirrjen si e pandehur t\u00eb z\u00ebvend\u00ebskryeministres Belinda Balluku, t\u00eb cil\u00ebn e akuzoi p\u00ebr shp\u00ebrdorime dhe vjedhje marramend\u00ebse n\u00eb tendera.<\/p>\n<p>\u201cKjo mbledhje e grupit parlamentar thirret n\u00eb nj\u00eb moment kritik p\u00ebr vendin, n\u00eb nj\u00eb moment kritik p\u00ebr opozit\u00ebn dhe opozitarizmin.<\/p>\n<p>Ju jeni d\u00ebshmitar\u00eb se ngrehina e narkoshtetit, e qelbur nga koka, kund\u00ebrmon sot m\u00eb shum\u00eb se kurr\u00eb n\u00eb Shqip\u00ebri dhe n\u00eb bot\u00eb.<\/p>\n<p>Z\u00ebvend\u00ebsja m\u00eb besnike e Edi Ram\u00ebs n\u00eb 25 vitet e fundit, Lubi Balluku, merret e pandehur p\u00ebr nj\u00eb t\u00eb mij\u00ebt\u00ebn e vjedhjeve dhe shp\u00ebrdorimeve t\u00eb saj.<br \/>\nNj\u00eb t\u00eb mij\u00ebt\u00ebn!<\/p>\n<p>Dhe marrja e saj e pandehur ishte nj\u00eb akt kaluari i v\u00ebrtet\u00eb, do t\u00eb themi at\u00eb q\u00eb \u00ebsht\u00eb, p\u00ebr at\u00eb prokuror q\u00eb guxoi t\u00eb firmos\u00eb thirrjen e saj.<\/p>\n<p>Ai prokuror q\u00eb guxoi t\u00eb firmos\u00eb thirrjen e nj\u00eb personi q\u00eb bashk\u00eb me Edi Ram\u00ebn kan\u00eb zhdukur miliarda n\u00eb tendera n\u00eb k\u00ebt\u00eb vend, ai u p\u00ebrball me k\u00ebrc\u00ebnime vras\u00ebsish, me k\u00ebrc\u00ebnime indirekt t\u00eb bosit t\u00eb tij, Troplinit n\u00eb krye t\u00eb Skapit, por edhe me k\u00ebrc\u00ebnime direkt t\u00eb kryeministrit n\u00ebp\u00ebrmjet telefonit t\u00eb faqezi Manj\u00ebs, Ulsi Manj\u00ebs.<\/p>\n<p>Shikoni se ku jemi.<\/p>\n<p>Cili je ti, i thot\u00eb Ramaduro prokurorit, q\u00eb guxon t\u00eb prek\u00ebsh pasaport\u00ebn e z\u00ebvend\u00ebskryeministres s\u00eb Shqip\u00ebris\u00eb?<\/p>\n<p>Kjo \u00ebsht\u00eb e v\u00ebrteta.<\/p>\n<p>Dhe kur merr ca mesazhe Ramaduro, e qep goj\u00ebn sepse ishte vet\u00eb personazh q\u00eb duhej t\u2019i hiqej pasaporta.<\/p>\n<p>Por, pavar\u00ebsisht nga kjo situat\u00eb, ai zgjedh t\u00eb mbroj\u00eb me kusht veprimtarin\u00eb e tij kriminale.<\/p>\n<p>P\u00ebrdor t\u00eb gjitha mjetet e propagand\u00ebs kund\u00ebr opozit\u00ebs, dhe jo vet\u00ebm propagand\u00ebs, dhe mbrojtjen e krimeve t\u00eb tij\u201d, tha Berisha.<\/p>\n","protected":false},"excerpt":{"rendered":"<p>Kryetari i PD, Sali Berisha, n\u00eb mbledhjen e sotme t\u00eb Grupit Parlamentar, ka hedhur akuza ndaj kryeministrit Edi Rama dhe drejtuesve t\u00eb institucioneve t\u00eb drejt\u00ebsis\u00eb, duke deklaruar se prokurori q\u00eb guxoi t\u00eb th\u00ebrras\u00eb Luli Ballukun \u00ebsht\u00eb k\u00ebrc\u00ebnuar nga vras\u00ebs, nga Altin Troplini dhe nga Edi Rama. Berisha tha se, vendi ndodhet n\u00eb nj\u00eb moment kritik, &hellip;<\/p>\n","protected":false},"author":4,"featured_media":127119,"comment_status":"closed","ping_status":"closed","sticky":false,"template":"","format":"standard","meta":{"footnotes":""},"categories":[37],"tags":[],"class_list":["post-127118","post","type-post","status-publish","format-standard","has-post-thumbnail","","category-politike"],"_links":{"self":[{"href":"https:\/\/rdnews.al\/index.php\/wp-json\/wp\/v2\/posts\/127118","targetHints":{"allow":["GET"]}}],"collection":[{"href":"https:\/\/rdnews.al\/index.php\/wp-json\/wp\/v2\/posts"}],"about":[{"href":"https:\/\/rdnews.al\/index.php\/wp-json\/wp\/v2\/types\/post"}],"author":[{"embeddable":true,"href":"https:\/\/rdnews.al\/index.php\/wp-json\/wp\/v2\/users\/4"}],"replies":[{"embeddable":true,"href":"https:\/\/rdnews.al\/index.php\/wp-json\/wp\/v2\/comments?post=127118"}],"version-history":[{"count":2,"href":"https:\/\/rdnews.al\/index.php\/wp-json\/wp\/v2\/posts\/127118\/revisions"}],"predecessor-version":[{"id":127121,"href":"https:\/\/rdnews.al\/index.php\/wp-json\/wp\/v2\/posts\/127118\/revisions\/127121"}],"wp:featuredmedia":[{"embeddable":true,"href":"https:\/\/rdnews.al\/index.php\/wp-json\/wp\/v2\/media\/127119"}],"wp:attachment":[{"href":"https:\/\/rdnews.al\/index.php\/wp-json\/wp\/v2\/media?parent=127118"}],"wp:term":[{"taxonomy":"category","embeddable":true,"href":"https:\/\/rdnews.al\/index.php\/wp-json\/wp\/v2\/categories?post=127118"},{"taxonomy":"post_tag","embeddable":true,"href":"https:\/\/rdnews.al\/index.php\/wp-json\/wp\/v2\/tags?post=127118"}],"curies":[{"name":"wp","href":"https:\/\/api.w.org\/{rel}","templated":true}]}}