{"id":127122,"date":"2025-10-31T12:04:50","date_gmt":"2025-10-31T12:04:50","guid":{"rendered":"https:\/\/rdnews.al\/?p=127122"},"modified":"2025-10-31T12:04:50","modified_gmt":"2025-10-31T12:04:50","slug":"berisha-veliaj-tha-se-e-rrembyen-njesoj-sic-beri-farc-u-ne-kolumbi-duke-shkelur-te-gjithe-procedurat-ligjore","status":"publish","type":"post","link":"https:\/\/rdnews.al\/index.php\/2025\/10\/31\/berisha-veliaj-tha-se-e-rrembyen-njesoj-sic-beri-farc-u-ne-kolumbi-duke-shkelur-te-gjithe-procedurat-ligjore\/","title":{"rendered":"Berisha: Veliaj tha se e rr\u00ebmbyen nj\u00ebsoj si\u00e7 b\u00ebri FARC-u n\u00eb Kolumbi duke shkelur t\u00eb gjith\u00eb procedurat ligjore"},"content":{"rendered":"<p>Kryetari i PD, Sali Berisa duke folur n\u00eb mbledhjen e Grupit Parlamentar u shpreh se, Veliaj tha se e rr\u00ebmbyen nj\u00ebsoj si\u00e7 b\u00ebri FARC-u n\u00eb Kolumbi duke shkelur t\u00eb gjith\u00eb procedurat ligjore.<\/p>\n<p>Berisha tha se, por, po t\u00eb kemi parasysh procedurat ligjore t\u00eb nj\u00eb vendi demokratik, ne nuk mund t\u00eb themi se ato nuk u shkel\u00ebn t\u00ebr\u00ebsisht nj\u00eblloj si ato t\u00eb FARC-ut.<\/p>\n<p>\u201cNuk e di n\u00ebse e ndoq\u00ebt seanc\u00ebn publike t\u00eb Gjykat\u00ebs Kushtetuese.<\/p>\n<p>Un\u00eb u them ju se nj\u00eb nga protestat m\u00eb t\u00eb shk\u00eblqyera dhe m\u00eb t\u00eb r\u00ebnd\u00ebsishme q\u00eb ka b\u00ebr\u00eb PD, dega e Tiran\u00ebs, por edhe t\u00eb tjer\u00eb nga ardhur nga Shqip\u00ebria, \u00ebsht\u00eb protesta p\u00ebr arrestimin e Erion Veliajt.<\/p>\n<p>Po!<\/p>\n<p>Nj\u00eb kryetar bashkie q\u00eb ka firmosur mbi nj\u00eb incenerator 130 milion\u00eb euro dhe nuk i gjendet as nami dhe as nishani.<\/p>\n<p>Nuk \u00ebsht\u00eb hetuar p\u00ebr t\u00eb se \u00ebsht\u00eb Edi Rama mbi firm\u00ebn e tij.<\/p>\n<p>Kjo \u00ebsht\u00eb e v\u00ebrteta, q\u00eb ta dini.<\/p>\n<p>\u00cbsht\u00eb Edi Rama.<\/p>\n<p>Ndaj dhe ai, q\u00eb ka pasur k\u00ebt\u00eb dosje q\u00eb ne e kemi sulmuar me qindra her\u00eb, q\u00eb ti je i till\u00eb dhe ti je i atill\u00eb, nuk e hetove, nuk e more, ai, t\u00eb jemi realist\u00eb, p\u00ebr t\u00eb marr\u00eb o do t\u00eb merrte t\u00eb dy, ose do ishte i padrejt\u00eb dhe i pandersh\u00ebm.<\/p>\n<p>T\u00eb dy nuk i merrte dot.<\/p>\n<p>P\u00ebr Belind\u00ebn dhe i bien bandat n\u00eb t\u00eb kat\u00ebr an\u00ebt.<\/p>\n<p>Por, por nj\u00eb gj\u00eb i tha publikut sot Erion Veliaj. \u00c7far\u00eb i tha?<\/p>\n<p>Kaq vite m\u00eb par\u00eb, n\u00eb X qytet t\u00eb Kolumbis\u00eb, FARC-u rr\u00ebmbeu kryetarin e bashkis\u00eb.<\/p>\n<p>Ai b\u00ebri paraleliz\u00ebm q\u00eb FARC-u m\u00eb rr\u00ebmbeu edhe mua n\u00eb Bashkin\u00eb e Tiran\u00ebs.<\/p>\n<p>Por, po t\u00eb kemi parasysh procedurat ligjore t\u00eb nj\u00eb vendi demokratik, ne nuk mund t\u00eb themi se ato nuk u shkel\u00ebn t\u00ebr\u00ebsisht nj\u00eblloj si ato t\u00eb FARC-ut.<\/p>\n<p>T\u00eb themi t\u00eb v\u00ebrtetat.<\/p>\n<p>Ne e kemi mb\u00ebshtetur dhe e mb\u00ebshtesim arrestimin e tij, d\u00ebnimin, etj, por prap\u00eb duhet t\u00eb jemi t\u00eb drejt\u00eb.<\/p>\n<p>Vazhdojm\u00eb prap\u00eb, pse kjo ngjashm\u00ebri me FARC-un. Gjykat\u00ebses i thot\u00eb se fakti q\u00eb jam k\u00ebtu dhe m\u00eb thirr\u00ebt \u00ebsht\u00eb shembull i ligjit, m\u00eb njoh\u00ebt nj\u00eb t\u00eb drejt\u00eb ligjore, por n\u00eb K\u00ebshillin Bashkiak b\u00ebn\u00eb 9 vendime brenda dit\u00ebs. U b\u00ebn\u00eb 9 vendime brenda dit\u00ebs, imagjinoni, se si t\u00eb lani duart me mua, dhe u lumt\u00eb k\u00ebshilltar\u00ebve tan\u00eb, q\u00eb ndon\u00ebse kishin nj\u00eb armik p\u00ebrball\u00eb, por n\u00eb \u00e7do rast t\u00eb drejtat e njeriut jan\u00eb m\u00eb thelb\u00ebsoret. K\u00ebrkuan me insistim q\u00eb ai t\u00eb d\u00ebgjohet n\u00eb sall\u00ebn e k\u00ebshillit.<\/p>\n<p>K\u00ebrkuan me k\u00ebrkes\u00eb t\u00eb ve\u00e7ant\u00eb q\u00eb ai t\u00eb sillej, t\u00eb d\u00ebgjohej.<\/p>\n<p>Jo, tha, nuk munda.<\/p>\n<p>Pse i solla k\u00ebto dy shembuj?<\/p>\n<p>Jo, aspak se ai \u00ebsht\u00eb as i penduar, as i pafajsh\u00ebm. Jo, jo.<\/p>\n<p>Por prap\u00eb n\u00eb nj\u00eb vend demokratik, procedura \u00ebsht\u00eb themelore.<\/p>\n<p>\u00cbsht\u00eb p\u00ebrcaktuese p\u00ebr t\u00eb drejtat e njeriut, p\u00ebr shtetin ligjor, p\u00ebr t\u00eb gjitha\u201d, u shpreh Berisha.<\/p>\n","protected":false},"excerpt":{"rendered":"<p>Kryetari i PD, Sali Berisa duke folur n\u00eb mbledhjen e Grupit Parlamentar u shpreh se, Veliaj tha se e rr\u00ebmbyen nj\u00ebsoj si\u00e7 b\u00ebri FARC-u n\u00eb Kolumbi duke shkelur t\u00eb gjith\u00eb procedurat ligjore. Berisha tha se, por, po t\u00eb kemi parasysh procedurat ligjore t\u00eb nj\u00eb vendi demokratik, ne nuk mund t\u00eb themi se ato nuk u &hellip;<\/p>\n","protected":false},"author":4,"featured_media":127123,"comment_status":"closed","ping_status":"closed","sticky":false,"template":"","format":"standard","meta":{"footnotes":""},"categories":[37],"tags":[],"class_list":["post-127122","post","type-post","status-publish","format-standard","has-post-thumbnail","","category-politike"],"_links":{"self":[{"href":"https:\/\/rdnews.al\/index.php\/wp-json\/wp\/v2\/posts\/127122","targetHints":{"allow":["GET"]}}],"collection":[{"href":"https:\/\/rdnews.al\/index.php\/wp-json\/wp\/v2\/posts"}],"about":[{"href":"https:\/\/rdnews.al\/index.php\/wp-json\/wp\/v2\/types\/post"}],"author":[{"embeddable":true,"href":"https:\/\/rdnews.al\/index.php\/wp-json\/wp\/v2\/users\/4"}],"replies":[{"embeddable":true,"href":"https:\/\/rdnews.al\/index.php\/wp-json\/wp\/v2\/comments?post=127122"}],"version-history":[{"count":1,"href":"https:\/\/rdnews.al\/index.php\/wp-json\/wp\/v2\/posts\/127122\/revisions"}],"predecessor-version":[{"id":127124,"href":"https:\/\/rdnews.al\/index.php\/wp-json\/wp\/v2\/posts\/127122\/revisions\/127124"}],"wp:featuredmedia":[{"embeddable":true,"href":"https:\/\/rdnews.al\/index.php\/wp-json\/wp\/v2\/media\/127123"}],"wp:attachment":[{"href":"https:\/\/rdnews.al\/index.php\/wp-json\/wp\/v2\/media?parent=127122"}],"wp:term":[{"taxonomy":"category","embeddable":true,"href":"https:\/\/rdnews.al\/index.php\/wp-json\/wp\/v2\/categories?post=127122"},{"taxonomy":"post_tag","embeddable":true,"href":"https:\/\/rdnews.al\/index.php\/wp-json\/wp\/v2\/tags?post=127122"}],"curies":[{"name":"wp","href":"https:\/\/api.w.org\/{rel}","templated":true}]}}