{"id":127125,"date":"2025-10-31T12:15:47","date_gmt":"2025-10-31T12:15:47","guid":{"rendered":"https:\/\/rdnews.al\/?p=127125"},"modified":"2025-10-31T12:26:36","modified_gmt":"2025-10-31T12:26:36","slug":"berisha-hoteli-i-redi-molles-eshte-i-familjes-rama","status":"publish","type":"post","link":"https:\/\/rdnews.al\/index.php\/2025\/10\/31\/berisha-hoteli-i-redi-molles-eshte-i-familjes-rama\/","title":{"rendered":"Berisha: Hoteli i Redi Moll\u00ebs \u00ebsht\u00eb i familjes Rama, prandaj e nxjerrin nga burgu!"},"content":{"rendered":"<p>Kryetari i PD, Sali Berisha, gjat\u00eb fjal\u00ebs s\u00eb tij n\u00eb mbledhjen e grupit parlamentar tha se, t\u00eb gjitha veprimet e Ram\u00ebs n\u00eb urbanistik\u00eb jan\u00eb t\u00eb njohura nga Veliaj, por nuk i jan\u00eb faturuar atij.<\/p>\n<p>Ai p\u00ebrmendi ve\u00e7an\u00ebrisht Hotelin 20-kat\u00ebsh t\u00eb Redi Moll\u00ebs, duke theksuar se ai \u00ebsht\u00eb pron\u00eb e familjes Rama dhe p\u00ebrfiton trajtim t\u00eb ve\u00e7ant\u00eb.<\/p>\n<p>\u201cP\u00ebr t\u00eb vjedhur, asnj\u00eb nga vjedhjet q\u00eb ka b\u00ebr\u00eb me Ram\u00ebn, nuk iu faturua Erion Veliajt.<\/p>\n<p>Erion Veliaj i di Ram\u00ebs t\u00eb gjith\u00eb vjedhjen q\u00eb b\u00ebn Edi Rama n\u00eb urbanistik\u00eb.<\/p>\n<p>Hoteli 20 kat\u00ebsh, gjer tani 70 milion\u00eb euro, i Redi Moll\u00ebs, \u00ebsht\u00eb hoteli i familjes Rama.<\/p>\n<p>Redi Molla \u00ebsht\u00eb djali i vajz\u00ebs s\u00eb tezes t\u00eb Linda Ram\u00ebs.<\/p>\n<p>Prandaj Redi Molla del nga burgu. E nxjerrin.<\/p>\n<p>K\u00ebt\u00eb nuk e lan\u00eb t\u00eb shkonte n\u00eb mbledhjen e k\u00ebshillit ku e shkarkojn\u00eb.<\/p>\n<p>Kurse Redi Moll\u00ebn me hotel 20-kat\u00ebsh e nxjerrin, e \u00e7ojn\u00eb n\u00eb sht\u00ebpi, sepse \u00ebsht\u00eb djali i teta Ollg\u00ebs.<\/p>\n<p>Po, q\u00eb n\u00eb fakt aksionet jan\u00eb t\u00eb p\u00ebrbashk\u00ebta. E than\u00eb q\u00eb n\u00eb fillim q\u00eb jan\u00eb t\u00eb Olsit, nuk jan\u00eb t\u00eb Olsit, qenkan direkt t\u00eb atyre\u201d, tha Berisha.<\/p>\n","protected":false},"excerpt":{"rendered":"<p>Kryetari i PD, Sali Berisha, gjat\u00eb fjal\u00ebs s\u00eb tij n\u00eb mbledhjen e grupit parlamentar tha se, t\u00eb gjitha veprimet e Ram\u00ebs n\u00eb urbanistik\u00eb jan\u00eb t\u00eb njohura nga Veliaj, por nuk i jan\u00eb faturuar atij. Ai p\u00ebrmendi ve\u00e7an\u00ebrisht Hotelin 20-kat\u00ebsh t\u00eb Redi Moll\u00ebs, duke theksuar se ai \u00ebsht\u00eb pron\u00eb e familjes Rama dhe p\u00ebrfiton trajtim t\u00eb &hellip;<\/p>\n","protected":false},"author":4,"featured_media":127126,"comment_status":"closed","ping_status":"closed","sticky":false,"template":"","format":"standard","meta":{"footnotes":""},"categories":[37],"tags":[],"class_list":["post-127125","post","type-post","status-publish","format-standard","has-post-thumbnail","","category-politike"],"_links":{"self":[{"href":"https:\/\/rdnews.al\/index.php\/wp-json\/wp\/v2\/posts\/127125","targetHints":{"allow":["GET"]}}],"collection":[{"href":"https:\/\/rdnews.al\/index.php\/wp-json\/wp\/v2\/posts"}],"about":[{"href":"https:\/\/rdnews.al\/index.php\/wp-json\/wp\/v2\/types\/post"}],"author":[{"embeddable":true,"href":"https:\/\/rdnews.al\/index.php\/wp-json\/wp\/v2\/users\/4"}],"replies":[{"embeddable":true,"href":"https:\/\/rdnews.al\/index.php\/wp-json\/wp\/v2\/comments?post=127125"}],"version-history":[{"count":3,"href":"https:\/\/rdnews.al\/index.php\/wp-json\/wp\/v2\/posts\/127125\/revisions"}],"predecessor-version":[{"id":127132,"href":"https:\/\/rdnews.al\/index.php\/wp-json\/wp\/v2\/posts\/127125\/revisions\/127132"}],"wp:featuredmedia":[{"embeddable":true,"href":"https:\/\/rdnews.al\/index.php\/wp-json\/wp\/v2\/media\/127126"}],"wp:attachment":[{"href":"https:\/\/rdnews.al\/index.php\/wp-json\/wp\/v2\/media?parent=127125"}],"wp:term":[{"taxonomy":"category","embeddable":true,"href":"https:\/\/rdnews.al\/index.php\/wp-json\/wp\/v2\/categories?post=127125"},{"taxonomy":"post_tag","embeddable":true,"href":"https:\/\/rdnews.al\/index.php\/wp-json\/wp\/v2\/tags?post=127125"}],"curies":[{"name":"wp","href":"https:\/\/api.w.org\/{rel}","templated":true}]}}