{"id":127133,"date":"2025-10-31T12:31:30","date_gmt":"2025-10-31T12:31:30","guid":{"rendered":"https:\/\/rdnews.al\/?p=127133"},"modified":"2025-10-31T12:31:30","modified_gmt":"2025-10-31T12:31:30","slug":"berisha-rama-nuk-lejon-hetimin-per-mcgonigalin-sepse-kjo-do-e-damkoste-ate-dhe-do-zemeronte-miqte-e-tij-ne-evrope-dhe-shba","status":"publish","type":"post","link":"https:\/\/rdnews.al\/index.php\/2025\/10\/31\/berisha-rama-nuk-lejon-hetimin-per-mcgonigalin-sepse-kjo-do-e-damkoste-ate-dhe-do-zemeronte-miqte-e-tij-ne-evrope-dhe-shba\/","title":{"rendered":"Berisha: Rama nuk lejon hetimin p\u00ebr McGonigalin sepse kjo do e damkoste at\u00eb dhe do zem\u00ebronte miqt\u00eb e tij n\u00eb Evrop\u00eb dhe SHBA"},"content":{"rendered":"<p>Kreu i PD, Sali Berisha, gjat\u00eb fjal\u00ebs s\u00eb tij n\u00eb mbledhjen e Grupit Parlamntar tha se, Rama nuk lejon hetimin p\u00ebr McGonigalin sepse kjo do e damkoste at\u00eb dhe do zem\u00ebronte miqt\u00eb e tij n\u00eb Europ\u00eb dhe SHBA.<\/p>\n<p>Berisha theksoi se, u provua se p\u00ebr t\u2019i mohuar fjal\u00ebn opozit\u00ebs, ata ishin t\u00eb gatsh\u00ebm t\u00eb sakrifikojn\u00eb parlamentin.<\/p>\n<p><strong>\u201c<\/strong>Por, historit\u00eb e tyre nuk kan\u00eb fund.<\/p>\n<p>Tani rikthehemi ne tek problemi yn\u00eb.<\/p>\n<p>Cili \u00ebsht\u00eb q\u00ebndrimi i tyre ndaj opozit\u00ebs?<\/p>\n<p>U shpreh n\u00eb m\u00ebnyr\u00ebn m\u00eb t\u00eb qart\u00eb se kurr\u00eb k\u00ebto jav\u00eb t\u00eb parlamentit q\u00eb kulmuan me dit\u00ebn e djeshme.<\/p>\n<p>Gjat\u00eb k\u00ebtyre jav\u00ebve t\u00eb parlamentit, \u00e7far\u00eb u provua?<\/p>\n<p>U provua se p\u00ebr t\u2019i mohuar fjal\u00ebn opozit\u00ebs, ata ishin t\u00eb gatsh\u00ebm t\u00eb sakrifikojn\u00eb parlamentin.<\/p>\n<p>Ishin t\u00eb gatsh\u00ebm de facto t\u00eb asgj\u00ebsonin parlamentin dhe parlamentarizmin.<\/p>\n<p>Nuk kishte ndodhur kurr\u00eb kjo.<\/p>\n<p>Ishte hera e par\u00eb.<\/p>\n<p>Se si mundesh t\u00eb pranosh kryeminist\u00ebr t\u00eb miratosh programin 4-vje\u00e7ar dhe programin p\u00ebr 28 minuta, tregon se je nj\u00eb pasardh\u00ebs besnik i Enver Hoxh\u00ebs, nj\u00eb bastard i Kim Jong Unit apo Gedafit se kush n\u00eb bot\u00eb nuk e b\u00ebn k\u00ebt\u00eb akt t\u00eb till\u00eb. Jo, Enver Hoxha nuk e b\u00ebnte nj\u00eb akt t\u00eb till\u00eb.<\/p>\n<p>E pat\u00eb, dy dit\u00eb ka zhvilluar parlamenti q\u00eb kur \u00ebsht\u00eb hapur.<\/p>\n<p>Dhe ato dy dit\u00eb u shp\u00ebtuan nga duart, se doli Taulant Balla e tha, o k\u00ebto, ose do i votojm\u00eb.<\/p>\n<p>Por kulmi i tyre arriti dje.<\/p>\n<p>Ne paraqit\u00ebm t\u00eb drejt\u00ebn n\u00eb p\u00ebrputhje me Kushtetut\u00ebn, k\u00ebrkuam t\u00eb ushtrojm\u00eb t\u00eb drejt\u00ebn e komisioneve hetimore, mision kryesor i opozit\u00ebs, kontrolli. Kaq ka opozita.<\/p>\n<p>Kontrollin po, e ka, e ka mision kryesor.<\/p>\n<p>Ajo opozit\u00eb q\u00eb nuk b\u00ebn kontroll, ajo nuk \u00ebsht\u00eb opozit\u00eb. Ajo \u00ebsht\u00eb pseudo-opozit\u00eb. \u00cbsht\u00eb let\u00ebr kot.<\/p>\n<p>N\u00eb qoft\u00eb se nuk kontroll dot sistemin, \u00e7far\u00eb b\u00ebn aty?<\/p>\n<p>Filloi me refuzimin e ministrave p\u00ebr t\u2019u paraqitur para jush n\u00eb komisione, me refuzimin e interpelancave t\u00eb Ram\u00ebs, me refuzimin e komisioneve dhe kulmoi me refuzimin e dy komisioneve hetimore parlamentare t\u00eb nj\u00eb r\u00ebnd\u00ebsie themelore p\u00ebr shoq\u00ebrin\u00eb shqiptare.<\/p>\n<p>Jo vet\u00ebm p\u00ebr opozit\u00ebn.<\/p>\n<p>McGonigali \u00ebsht\u00eb i nj\u00eb r\u00ebnd\u00ebsie t\u00eb jasht\u00ebzakonshme.<\/p>\n<p>Emri i Edi Ram\u00ebs, sipas medieve amerikan\u00eb m\u00eb serioze, t\u00eb bazuar n\u00eb dosjen e gjykat\u00ebs s\u00eb Uashingtonit, n\u00eb at\u00eb dosje citohet 13 her\u00eb.<\/p>\n<p>Edi Rama, publikisht ka deklaruar krenarin\u00eb e tij p\u00ebr miq\u00ebsin\u00eb me McGonigalin.<\/p>\n<p>Tani duhet t\u00eb jemi t\u00eb hapur dhe t\u00eb v\u00ebrtet\u00eb.<\/p>\n<p>Edi Rama e korruptoi njeriun kryesor q\u00eb kishte mision kryesor t\u00eb mbronte kombin amerikan nga korrupsioni. E thot\u00eb gjykat\u00ebsi n\u00eb vendimin e tij, nuk e them un\u00eb.<\/p>\n<p>Edi Rama e pagoi at\u00eb p\u00ebr aksionin direkt kund\u00ebr opozit\u00ebs.<\/p>\n<p>Edi Rama e futi at\u00eb n\u00eb hetime t\u00eb pista, t\u00eb turpshme, t\u00eb padenja. Me Tom Doshin dhe Durim Bamin, i \u00e7oi n\u00eb Vjen\u00eb q\u00eb t\u2019i hetonte. Se e ka porositur Durimin, Ilir Meta ta vriste Tom\u00ebn apo t\u00eb mos e vriste.<\/p>\n<p>E kuptoni? Presidenti i Republik\u00ebs tani t\u00eb hetohej p\u00ebr nj\u00eb trillim t\u00eb mir\u00ebfillt\u00eb dhe merrej, paguhej kryezbuluesi i SHBA p\u00ebr hetimin n\u00eb Vjen\u00eb, vend neutral.<\/p>\n<p>Ka akt m\u00eb t\u00eb turpsh\u00ebm?<\/p>\n<p>Dorian Du\u00e7ka dhe Agron Neza, bashk\u00eb me McGonigalin takonin prore k\u00ebtu biznesmen\u00eb q\u00eb kan\u00eb pasur kuraj\u00ebn t\u00eb dalin publikisht dhe t\u2019i denonconin dhe u k\u00ebrkonin 1-2 milion\u00eb p\u00ebr t\u2019u hequr sanksionet. 5 milion\u00eb e me radh\u00eb.<\/p>\n<p>Kjo \u00ebsht\u00eb veprimtari e fuqishme kriminale e Edi Ram\u00ebs, McGonigalit, Dorian Du\u00e7k\u00ebs, Agron Nez\u00ebs, por e v\u00ebrteta, edhe e kompanis\u00eb q\u00eb solli mbrapa dhe e kontraktoi Edi Rama p\u00ebr t\u2019u marr\u00eb me opozit\u00ebn.<\/p>\n<p>Si\u00e7 v\u00ebrtetohet nga dokumentet.<\/p>\n<p>A ka opozit\u00eb n\u00eb bot\u00eb q\u00eb nuk do k\u00ebrkonte hetimin e k\u00ebtij problemin?<\/p>\n<p>Nuk besoj q\u00eb nj\u00eb opozit\u00eb i thot\u00eb vetes opozit\u00eb dhe nuk merr p\u00ebrsip\u00ebr hetimin.<\/p>\n<p>Dosja shqiptare nuk ka dal\u00eb e t\u00ebra n\u00eb gjykat\u00ebn amerikane dhe ne mund t\u00eb kontribuonin m\u00eb shum\u00eb me hetimin ton\u00eb parlamentar.<\/p>\n<p>Sigurisht q\u00eb kjo do damkoste m\u00eb shum\u00eb Ram\u00ebn dhe do zem\u00ebronte miqt\u00eb e Ram\u00ebs n\u00eb Europ\u00eb dhe SHBA.<\/p>\n<p>Por ne nuk e b\u00ebjm\u00eb as p\u00ebr t\u00eb zem\u00ebruar, ne e b\u00ebjm\u00eb q\u00eb t\u2019i japim Edi Ram\u00ebs dhe McGonigalit at\u00eb q\u00eb meritojn\u00eb p\u00ebr q\u00ebndrimin n\u00eb Shqip\u00ebri dhe t\u00eb kontribuojm\u00eb n\u00eb hetimin e tij, apo n\u00eb njohjen e plot\u00eb t\u00eb veprimtaris\u00eb s\u00eb tij kriminale n\u00eb Shqip\u00ebri.<\/p>\n<p>Refuzuan, nuk lejuan. Kjo \u00ebsht\u00eb hera e dyt\u00eb, nuk e lejuan edhe nj\u00ebher\u00eb tjet\u00ebr\u201d, u shpreh Berisha.<\/p>\n","protected":false},"excerpt":{"rendered":"<p>Kreu i PD, Sali Berisha, gjat\u00eb fjal\u00ebs s\u00eb tij n\u00eb mbledhjen e Grupit Parlamntar tha se, Rama nuk lejon hetimin p\u00ebr McGonigalin sepse kjo do e damkoste at\u00eb dhe do zem\u00ebronte miqt\u00eb e tij n\u00eb Europ\u00eb dhe SHBA. Berisha theksoi se, u provua se p\u00ebr t\u2019i mohuar fjal\u00ebn opozit\u00ebs, ata ishin t\u00eb gatsh\u00ebm t\u00eb sakrifikojn\u00eb &hellip;<\/p>\n","protected":false},"author":4,"featured_media":127134,"comment_status":"closed","ping_status":"closed","sticky":false,"template":"","format":"standard","meta":{"footnotes":""},"categories":[37],"tags":[],"class_list":["post-127133","post","type-post","status-publish","format-standard","has-post-thumbnail","","category-politike"],"_links":{"self":[{"href":"https:\/\/rdnews.al\/index.php\/wp-json\/wp\/v2\/posts\/127133","targetHints":{"allow":["GET"]}}],"collection":[{"href":"https:\/\/rdnews.al\/index.php\/wp-json\/wp\/v2\/posts"}],"about":[{"href":"https:\/\/rdnews.al\/index.php\/wp-json\/wp\/v2\/types\/post"}],"author":[{"embeddable":true,"href":"https:\/\/rdnews.al\/index.php\/wp-json\/wp\/v2\/users\/4"}],"replies":[{"embeddable":true,"href":"https:\/\/rdnews.al\/index.php\/wp-json\/wp\/v2\/comments?post=127133"}],"version-history":[{"count":1,"href":"https:\/\/rdnews.al\/index.php\/wp-json\/wp\/v2\/posts\/127133\/revisions"}],"predecessor-version":[{"id":127135,"href":"https:\/\/rdnews.al\/index.php\/wp-json\/wp\/v2\/posts\/127133\/revisions\/127135"}],"wp:featuredmedia":[{"embeddable":true,"href":"https:\/\/rdnews.al\/index.php\/wp-json\/wp\/v2\/media\/127134"}],"wp:attachment":[{"href":"https:\/\/rdnews.al\/index.php\/wp-json\/wp\/v2\/media?parent=127133"}],"wp:term":[{"taxonomy":"category","embeddable":true,"href":"https:\/\/rdnews.al\/index.php\/wp-json\/wp\/v2\/categories?post=127133"},{"taxonomy":"post_tag","embeddable":true,"href":"https:\/\/rdnews.al\/index.php\/wp-json\/wp\/v2\/tags?post=127133"}],"curies":[{"name":"wp","href":"https:\/\/api.w.org\/{rel}","templated":true}]}}