{"id":127139,"date":"2025-10-31T12:43:13","date_gmt":"2025-10-31T12:43:13","guid":{"rendered":"https:\/\/rdnews.al\/?p=127139"},"modified":"2025-10-31T12:43:38","modified_gmt":"2025-10-31T12:43:38","slug":"berisha-u-them-socialisteve-se-nuk-eshte-gje-lubia-se-cdo-jete-linda-per-ju","status":"publish","type":"post","link":"https:\/\/rdnews.al\/index.php\/2025\/10\/31\/berisha-u-them-socialisteve-se-nuk-eshte-gje-lubia-se-cdo-jete-linda-per-ju\/","title":{"rendered":"Berisha: U them socialist\u00ebve se, nuk \u00ebsht\u00eb gj\u00eb Lubia se \u00e7\u2019do jet\u00eb Linda p\u00ebr ju!"},"content":{"rendered":"<p>Kryetari i PD, Sali Berisha gjat\u00eb fjal\u00ebs n\u00eb mbledhjen e Grupit Parlamentar foli edhe p\u00ebr p\u00ebr\u00e7arjet brenda Partis\u00eb Socialiste, duke p\u00ebrmendur hapur tensionet mes Edi Ram\u00ebs dhe Erion Veliajt, nd\u00ebrsa iu drejtua socialist\u00ebve me tone ironike:<br \/>\nAi iu drejtua socialist\u00ebve me fjal\u00ebt, mos u g\u00ebzoni shum\u00eb me Lubin\u00eb, se \u00e7far\u00eb do jet\u00eb Linda p\u00ebr ju, do ta shihni vet\u00eb.<br \/>\n\u201cNdaj dhe kjo mbledhje \u00ebsht\u00eb shum\u00eb e r\u00ebnd\u00ebsishme.<br \/>\nNatyrisht do mblidhen edhe forumet e tjera t\u00eb PD. PD ka kryesin\u00eb, ka k\u00ebshillin komb\u00ebtar.<br \/>\nPor q\u00eb ne, t\u00eb na e heq\u00eb si me auditin, nj\u00eb nga nj\u00eb t\u00eb gjith\u00eb drejtat kushtetuese, ai \u00ebsht\u00eb nj\u00eb, po ne nuk jemi nj\u00eb, ne jemi 600 mij\u00eb.<br \/>\nT\u00eb na heq\u00eb t\u00eb drejt\u00ebn e interpelanc\u00ebs.<br \/>\nT\u00eb na heq\u00eb t\u00eb drejt\u00ebn e debatit.<br \/>\nT\u00eb na heq\u00eb t\u00eb drejt\u00ebn e komisionit hetimor.<br \/>\nPo pse shkojm\u00eb ne aty?<br \/>\nShkojm\u00eb p\u00ebr t\u00eb th\u00ebn\u00eb se jemi deputet\u00eb?<br \/>\nPo \u00e7far\u00eb vlere kemi ne kur ne nuk arrijm\u00eb, nuk kemi mund\u00ebsi t\u00eb p\u00ebrmbushim detyrimet m\u00eb themelore ndaj zgjedh\u00ebsve tan\u00eb.<br \/>\nDuhet t\u00eb shtrojm\u00eb pyetjen se \u00e7far\u00eb vlere kemi ne.<br \/>\nNe stoli e nj\u00eb bande q\u00eb ka instaluar nj\u00eb narkoshtet k\u00ebtu nuk b\u00ebhemi.<br \/>\nNuk mund t\u00eb b\u00ebhemi kurr\u00eb.<br \/>\nP\u00ebr t\u00eb par\u00eb eg\u00ebrsin\u00eb e tij, shihni se \u00e7\u2019b\u00ebn me Erion Veliajn.<br \/>\nBelind\u00ebs do ia b\u00ebj\u00eb edhe m\u00eb zi.<br \/>\nUn\u00eb e kam par\u00eb q\u00eb jan\u00eb g\u00ebzuar socialist\u00ebt me t\u00eb.<br \/>\nPor u them socialist\u00ebve se nuk \u00ebsht\u00eb gj\u00eb Lubia se \u00e7\u2019do jet\u00eb Linda p\u00ebr ju.<br \/>\nPo ato jan\u00eb pun\u00ebt e tyre, nuk na interesojn\u00eb fare ne.<br \/>\nSepse k\u00ebtu kodi i t\u00eb drejtave themelore t\u00eb njeriut nuk ekziston m\u00eb\u201d, tha Berisha.<\/p>\n","protected":false},"excerpt":{"rendered":"<p>Kryetari i PD, Sali Berisha gjat\u00eb fjal\u00ebs n\u00eb mbledhjen e Grupit Parlamentar foli edhe p\u00ebr p\u00ebr\u00e7arjet brenda Partis\u00eb Socialiste, duke p\u00ebrmendur hapur tensionet mes Edi Ram\u00ebs dhe Erion Veliajt, nd\u00ebrsa iu drejtua socialist\u00ebve me tone ironike: Ai iu drejtua socialist\u00ebve me fjal\u00ebt, mos u g\u00ebzoni shum\u00eb me Lubin\u00eb, se \u00e7far\u00eb do jet\u00eb Linda p\u00ebr ju, &hellip;<\/p>\n","protected":false},"author":4,"featured_media":127140,"comment_status":"closed","ping_status":"closed","sticky":false,"template":"","format":"standard","meta":{"footnotes":""},"categories":[37],"tags":[],"class_list":["post-127139","post","type-post","status-publish","format-standard","has-post-thumbnail","","category-politike"],"_links":{"self":[{"href":"https:\/\/rdnews.al\/index.php\/wp-json\/wp\/v2\/posts\/127139","targetHints":{"allow":["GET"]}}],"collection":[{"href":"https:\/\/rdnews.al\/index.php\/wp-json\/wp\/v2\/posts"}],"about":[{"href":"https:\/\/rdnews.al\/index.php\/wp-json\/wp\/v2\/types\/post"}],"author":[{"embeddable":true,"href":"https:\/\/rdnews.al\/index.php\/wp-json\/wp\/v2\/users\/4"}],"replies":[{"embeddable":true,"href":"https:\/\/rdnews.al\/index.php\/wp-json\/wp\/v2\/comments?post=127139"}],"version-history":[{"count":1,"href":"https:\/\/rdnews.al\/index.php\/wp-json\/wp\/v2\/posts\/127139\/revisions"}],"predecessor-version":[{"id":127141,"href":"https:\/\/rdnews.al\/index.php\/wp-json\/wp\/v2\/posts\/127139\/revisions\/127141"}],"wp:featuredmedia":[{"embeddable":true,"href":"https:\/\/rdnews.al\/index.php\/wp-json\/wp\/v2\/media\/127140"}],"wp:attachment":[{"href":"https:\/\/rdnews.al\/index.php\/wp-json\/wp\/v2\/media?parent=127139"}],"wp:term":[{"taxonomy":"category","embeddable":true,"href":"https:\/\/rdnews.al\/index.php\/wp-json\/wp\/v2\/categories?post=127139"},{"taxonomy":"post_tag","embeddable":true,"href":"https:\/\/rdnews.al\/index.php\/wp-json\/wp\/v2\/tags?post=127139"}],"curies":[{"name":"wp","href":"https:\/\/api.w.org\/{rel}","templated":true}]}}