{"id":127168,"date":"2025-10-31T17:41:07","date_gmt":"2025-10-31T17:41:07","guid":{"rendered":"https:\/\/rdnews.al\/?p=127168"},"modified":"2025-10-31T17:41:07","modified_gmt":"2025-10-31T17:41:07","slug":"berisha-fatos-nano-ka-meriten-e-reformimit-te-partise-socialste","status":"publish","type":"post","link":"https:\/\/rdnews.al\/index.php\/2025\/10\/31\/berisha-fatos-nano-ka-meriten-e-reformimit-te-partise-socialste\/","title":{"rendered":"Berisha: Fatos Nano ka merit\u00ebn e reformimit t\u00eb Partis\u00eb Socialste!"},"content":{"rendered":"<p>Kryetari i PD, Sali Berisha i ka shprehur ngush\u00ebllimet familjes p\u00ebr ndarjen nga jeta t\u00eb ish-kryeministrit dhe ish-kryetarit t\u00eb PS, Fatos Nano.<\/p>\n<p>Berisha shkruan se, Fatos Nano ka merit\u00ebn e reformimit t\u00eb Partis\u00eb Socialste, an\u00ebtar\u00ebsimin e saj n\u00eb forume t\u00eb majta nd\u00ebrkomb\u00ebtare si dhe pranimin nga ai vet\u00eb t\u00eb rotacionit t\u00eb pushtetit.<\/p>\n<p><strong>Postimi<\/strong><\/p>\n<p>Fatos Nanon mbyll syt\u00eb p\u00ebrgjithmon\u00eb.<\/p>\n<p>T\u00eb dashur miq, Fotos Nano, ish-kryeminist\u00ebr i vendit dhe ish-kryetar i Partis\u00eb Socialiste, personalitet kryesor i t\u00eb majt\u00ebs shqiptare gjat\u00eb tranzicionit, mbylli syt\u00eb p\u00ebrgjithmon\u00eb.<\/p>\n<p>Fatos Nano ka merit\u00ebn e reformimit t\u00eb Partis\u00eb Socialste, an\u00ebtar\u00ebsimin e saj n\u00eb forume t\u00eb majta nd\u00ebrkomb\u00ebtare si dhe pranimin nga ai vet\u00eb t\u00eb rotacionit t\u00eb pushtetit.<\/p>\n<p>Me k\u00ebt\u00eb rast shpreh ngush\u00ebllime familjes, miqve, t\u00eb af\u00ebrm\u00ebve t\u00eb tij dhe socialist\u00ebve. Amen!<\/p>\n","protected":false},"excerpt":{"rendered":"<p>Kryetari i PD, Sali Berisha i ka shprehur ngush\u00ebllimet familjes p\u00ebr ndarjen nga jeta t\u00eb ish-kryeministrit dhe ish-kryetarit t\u00eb PS, Fatos Nano. Berisha shkruan se, Fatos Nano ka merit\u00ebn e reformimit t\u00eb Partis\u00eb Socialste, an\u00ebtar\u00ebsimin e saj n\u00eb forume t\u00eb majta nd\u00ebrkomb\u00ebtare si dhe pranimin nga ai vet\u00eb t\u00eb rotacionit t\u00eb pushtetit. Postimi Fatos Nanon &hellip;<\/p>\n","protected":false},"author":4,"featured_media":127169,"comment_status":"closed","ping_status":"closed","sticky":false,"template":"","format":"standard","meta":{"footnotes":""},"categories":[37],"tags":[],"class_list":["post-127168","post","type-post","status-publish","format-standard","has-post-thumbnail","","category-politike"],"_links":{"self":[{"href":"https:\/\/rdnews.al\/index.php\/wp-json\/wp\/v2\/posts\/127168","targetHints":{"allow":["GET"]}}],"collection":[{"href":"https:\/\/rdnews.al\/index.php\/wp-json\/wp\/v2\/posts"}],"about":[{"href":"https:\/\/rdnews.al\/index.php\/wp-json\/wp\/v2\/types\/post"}],"author":[{"embeddable":true,"href":"https:\/\/rdnews.al\/index.php\/wp-json\/wp\/v2\/users\/4"}],"replies":[{"embeddable":true,"href":"https:\/\/rdnews.al\/index.php\/wp-json\/wp\/v2\/comments?post=127168"}],"version-history":[{"count":1,"href":"https:\/\/rdnews.al\/index.php\/wp-json\/wp\/v2\/posts\/127168\/revisions"}],"predecessor-version":[{"id":127170,"href":"https:\/\/rdnews.al\/index.php\/wp-json\/wp\/v2\/posts\/127168\/revisions\/127170"}],"wp:featuredmedia":[{"embeddable":true,"href":"https:\/\/rdnews.al\/index.php\/wp-json\/wp\/v2\/media\/127169"}],"wp:attachment":[{"href":"https:\/\/rdnews.al\/index.php\/wp-json\/wp\/v2\/media?parent=127168"}],"wp:term":[{"taxonomy":"category","embeddable":true,"href":"https:\/\/rdnews.al\/index.php\/wp-json\/wp\/v2\/categories?post=127168"},{"taxonomy":"post_tag","embeddable":true,"href":"https:\/\/rdnews.al\/index.php\/wp-json\/wp\/v2\/tags?post=127168"}],"curies":[{"name":"wp","href":"https:\/\/api.w.org\/{rel}","templated":true}]}}