{"id":127173,"date":"2025-10-31T19:05:45","date_gmt":"2025-10-31T19:05:45","guid":{"rendered":"https:\/\/rdnews.al\/?p=127173"},"modified":"2025-10-31T19:07:51","modified_gmt":"2025-10-31T19:07:51","slug":"skandali-berisha-motra-e-ballukut-u-regjistrua-vetem-dje-si-avokate-dumani-e-therret-shefe","status":"publish","type":"post","link":"https:\/\/rdnews.al\/index.php\/2025\/10\/31\/skandali-berisha-motra-e-ballukut-u-regjistrua-vetem-dje-si-avokate-dumani-e-therret-shefe\/","title":{"rendered":"Berisha: Motra e Ballukut u regjistrua vet\u00ebm dje n\u00eb QKB pa objekt veprimtarie, Dumani e th\u00ebrret \u201cshefe\u201d"},"content":{"rendered":"<p>Kryetari i PD, Sali Berisha ka denoncuar nj\u00eb tjet\u00ebr skandal q\u00eb lidhet me Belinda Ballukun dhe motrwn e saj Pamela Qirko.<\/p>\n<p>Pamela Qirko, e cila sot ishte n\u00eb cil\u00ebsin\u00eb e avokates s\u00eb Belinda Ballukut \u00ebsht\u00eb regjistruar vet\u00ebm dje n\u00eb QKB si person fizik, pa asnj\u00eb lloj aktiviteti.<\/p>\n<p>Denoncimi i Berish\u00ebs ka ardhur pas nj\u00eb mesazhi t\u00eb d\u00ebrguar n\u00eb faqen e tij n\u00eb Facebook.<\/p>\n<p>Pamela Qirko \u00ebsht\u00eb motra e Belinda Ballukut dhe Altin Dumani e th\u00ebrret \u2018shefe\u2019 pasi \u00ebsht\u00eb ajo q\u00eb i ka b\u00ebr\u00eb vetingun.<\/p>\n<p><strong>Reagimi i kryetarit t\u00eb PD, Sali Berisha<\/strong><\/p>\n<p><em>Nj\u00eb pyetje shkat\u00ebrruese nga qytetari dixhital.<\/em><\/p>\n<p><em>Pershendetje dr.<\/em><\/p>\n<p><em>Kush mund te me sqaroje se cfare veprimtarie ushtron subjekti Pamela Qirko, pasi Qendra Kombetare e Biznesit e evidention si subjekt tregtar pa objekt veprimtarie. Nese do te ushtron sherbime juridike perfshire edhe avokatine, pse nuk pasqyrohet nga Qendra Kombetare e Biznesit? Avokat i paregjistruar ne Qendren Kimbetare te Biznesit a mund te ushtroje aktivitet dhe te deklarohet si i tille para organeve te drejtesise?<\/em><\/p>\n<p><em>\u2014-<\/em><\/p>\n<p><em>Ps. Pamela \u00ebsht\u00eb regjistruar vet\u00ebm sot kur nuk u arrit anullimi i akuz\u00ebs ndaj Lubis\u00eb.<\/em><\/p>\n<p><em>Pamela nga Altin Troplini thirret me nderim \u2018Shefe\u2019! Kjo sepse Pamela shefja ka b\u00ebr\u00eb vetingun e tij me 4 sht\u00ebpi banimi, 3 t\u00eb regjistruar n\u00eb em\u00ebr t\u00eb tij, kurse n\u00eb t\u00eb kat\u00ebrt\u00ebn banon me qira tek vjehrri. Ndaj dhe Altin Troplini e mbajti 3 muaj dosjen e Lubis\u00eb, motr\u00ebs s\u00eb \u2018Shefes\u2019?!<\/em><\/p>\n<p><img decoding=\"async\" src=\"https:\/\/www.syri.net\/uploads\/syri.net\/images\/2025\/October\/31\/auto_573595818_1603891454425284_1843544202281254153_n1761936324.jpg\" alt=\"Image\" \/><\/p>\n","protected":false},"excerpt":{"rendered":"<p>Kryetari i PD, Sali Berisha ka denoncuar nj\u00eb tjet\u00ebr skandal q\u00eb lidhet me Belinda Ballukun dhe motrwn e saj Pamela Qirko. Pamela Qirko, e cila sot ishte n\u00eb cil\u00ebsin\u00eb e avokates s\u00eb Belinda Ballukut \u00ebsht\u00eb regjistruar vet\u00ebm dje n\u00eb QKB si person fizik, pa asnj\u00eb lloj aktiviteti. Denoncimi i Berish\u00ebs ka ardhur pas nj\u00eb mesazhi &hellip;<\/p>\n","protected":false},"author":4,"featured_media":127151,"comment_status":"closed","ping_status":"closed","sticky":false,"template":"","format":"standard","meta":{"footnotes":""},"categories":[37],"tags":[],"class_list":["post-127173","post","type-post","status-publish","format-standard","has-post-thumbnail","","category-politike"],"_links":{"self":[{"href":"https:\/\/rdnews.al\/index.php\/wp-json\/wp\/v2\/posts\/127173","targetHints":{"allow":["GET"]}}],"collection":[{"href":"https:\/\/rdnews.al\/index.php\/wp-json\/wp\/v2\/posts"}],"about":[{"href":"https:\/\/rdnews.al\/index.php\/wp-json\/wp\/v2\/types\/post"}],"author":[{"embeddable":true,"href":"https:\/\/rdnews.al\/index.php\/wp-json\/wp\/v2\/users\/4"}],"replies":[{"embeddable":true,"href":"https:\/\/rdnews.al\/index.php\/wp-json\/wp\/v2\/comments?post=127173"}],"version-history":[{"count":2,"href":"https:\/\/rdnews.al\/index.php\/wp-json\/wp\/v2\/posts\/127173\/revisions"}],"predecessor-version":[{"id":127175,"href":"https:\/\/rdnews.al\/index.php\/wp-json\/wp\/v2\/posts\/127173\/revisions\/127175"}],"wp:featuredmedia":[{"embeddable":true,"href":"https:\/\/rdnews.al\/index.php\/wp-json\/wp\/v2\/media\/127151"}],"wp:attachment":[{"href":"https:\/\/rdnews.al\/index.php\/wp-json\/wp\/v2\/media?parent=127173"}],"wp:term":[{"taxonomy":"category","embeddable":true,"href":"https:\/\/rdnews.al\/index.php\/wp-json\/wp\/v2\/categories?post=127173"},{"taxonomy":"post_tag","embeddable":true,"href":"https:\/\/rdnews.al\/index.php\/wp-json\/wp\/v2\/tags?post=127173"}],"curies":[{"name":"wp","href":"https:\/\/api.w.org\/{rel}","templated":true}]}}