{"id":127176,"date":"2025-10-31T19:13:19","date_gmt":"2025-10-31T19:13:19","guid":{"rendered":"https:\/\/rdnews.al\/?p=127176"},"modified":"2025-10-31T19:13:19","modified_gmt":"2025-10-31T19:13:19","slug":"bardhi-marrja-e-pandehur-nga-spak-e-numrit-2-te-qeverise-ka-nxjerre-lakuriq-edi-ramen","status":"publish","type":"post","link":"https:\/\/rdnews.al\/index.php\/2025\/10\/31\/bardhi-marrja-e-pandehur-nga-spak-e-numrit-2-te-qeverise-ka-nxjerre-lakuriq-edi-ramen\/","title":{"rendered":"Bardhi: Marrja e pandehur nga SPAK e numrit 2 t\u00eb qeveris\u00eb ka nxjerr\u00eb lakuriq Edi Ram\u00ebn!"},"content":{"rendered":"<p>Kryetari i Grupit Parlamentar t\u00eb PD, Gazment Bardhi shkruan n\u00eb nj\u00eb postim n\u00eb Facebook se, marrja e pandehur nga SPAK e numrit 2 t\u00eb qeveris\u00eb, Belinda Balluku, nxjerr lakuriq Edi Ram\u00ebn si garant t\u00eb korrupsionit dhe pengues t\u00eb drejt\u00ebsis\u00eb.<\/p>\n<p>Bardhi thekson se nj\u00eb kryeminist\u00ebr q\u00eb pretendon t\u00eb luftoj\u00eb pand\u00ebshkueshm\u00ebrin\u00eb nuk mund t\u00eb mbaj\u00eb n\u00eb krahun e vet t\u00eb djatht\u00eb nj\u00eb t\u00eb akuzuar p\u00ebr vjedhje milion\u00ebshe n\u00eb tendera publik\u00eb, duke i dh\u00ebn\u00eb k\u00ebshtu nj\u00eb mesazh t\u00eb qart\u00eb qytetar\u00ebve dhe partner\u00ebve nd\u00ebrkomb\u00ebtar\u00eb: n\u00eb krye t\u00eb \u00e7do afer\u00eb korruptive \u00ebsht\u00eb Edi Rama.<\/p>\n<p><strong>Reagimi <\/strong><\/p>\n<p>Marrja e pandehur nga SPAK e numrit 2 t\u00eb qeveris\u00eb, ka nxjerr\u00eb lakuriq Edi Ram\u00ebn si mbrojt\u00ebs dhe garant i korrupsionit. Ai ndryshe flet dhe ndryshe vepron.<\/p>\n<p>Nj\u00eb kryeminist\u00ebr q\u00eb pretendon se mb\u00ebshtet luft\u00ebn kund\u00ebr pand\u00ebshkueshm\u00ebris\u00eb, nuk mund t\u00eb mbaj\u00eb si krahun e vet t\u00eb djatht\u00eb nj\u00eb t\u00eb akuzuar nga drejt\u00ebsia p\u00ebr vjedhjen e 50 milion\u00eb eurove n\u00eb Tunelin e Llogaras\u00eb.<\/p>\n<p>N\u00eb \u00e7do vend normal, Kryeministri do ta kishte shkarkuar menj\u00ebher\u00eb nj\u00eb zyrtare t\u00eb lart\u00eb t\u00eb pandehur me nj\u00eb akuz\u00eb t\u00eb till\u00eb p\u00ebr tenderat publik\u00eb. Vet\u00ebm n\u00eb Shqip\u00ebrin\u00eb e Edi Ram\u00ebs, nj\u00eb e pandehur p\u00ebr nj\u00eb d\u00ebm prej 50 milion\u00eb eurosh ndaj shtetit vazhdon t\u00eb qendroj\u00eb m\u00eb majat e pushtetit dhe t\u00eb ket\u00eb n\u00eb dor\u00eb fonde publike e tendera t\u00eb tjer\u00eb qindra milion\u00ebsh.<\/p>\n<p>Duke e mbajtur n\u00eb detyr\u00eb, Edi Rama pengon drejt\u00ebsin\u00eb dhe krijon rrezikun q\u00eb provat e hetimit t\u00eb manipulohen apo t\u00eb zhduken. Kjo t\u00eb \u00e7on n\u00eb nj\u00eb p\u00ebrfundim t\u00eb ditur p\u00ebr shqiptar\u00ebt dhe partner\u00ebt nd\u00ebrkomb\u00ebtar\u00eb: n\u00eb krye t\u00eb \u00e7do afere t\u00eb madhe korruptive, n\u00eb krye t\u00eb \u00e7do abuzimi me tenderat e m\u00ebdhenj, n\u00eb krye t\u00eb \u00e7do koncesioni t\u00eb r\u00ebnd\u00ebsish\u00ebm \u00ebsht\u00eb Edi Rama.<\/p>\n<p>Por sot, \u00ebsht\u00eb b\u00ebr\u00eb e qart\u00eb edhe di\u00e7ka tjet\u00ebr me r\u00ebnd\u00ebsi p\u00ebr shoq\u00ebrin\u00eb ton\u00eb t\u00eb zhg\u00ebnjyer nga korrupsioni kaq masiv: kall\u00ebzimi q\u00eb b\u00ebra p\u00ebr tenderin e Tunelit t\u00eb Llogaras\u00eb, p\u00ebr t\u00eb cil\u00ebn Belinda Balluku \u00ebsht\u00eb marr\u00eb e p\u00ebndehur, nuk kan\u00eb qen\u00eb nj\u00eb akt thjesht partiak opozitar, por nj\u00eb sh\u00ebrbim madhor p\u00ebr interesin publik. Nj\u00eb sh\u00ebrbim ndaj qytetar\u00ebve q\u00eb duan ndershm\u00ebri dhe llogaridh\u00ebnie.<\/p>\n<p>Opozita do t\u00eb ndjek\u00eb me v\u00ebmendje \u00e7do hap t\u00eb m\u00ebtejsh\u00ebm t\u00eb hetimit dhe do t\u00eb k\u00ebrkoj\u00eb pezullimin e menj\u00ebhersh\u00ebm t\u00eb Belinda Ballukut nga \u00e7do detyr\u00eb publike p\u00ebr t\u00eb garantuar q\u00eb drejt\u00ebsia t\u00eb b\u00ebj\u00eb pun\u00ebn e saj pa nd\u00ebrhyrje politike.<\/p>\n<p>Dhe pavar\u00ebsisht k\u00ebsaj, SPAK ka detyrimin t\u00eb ruaj\u00eb t\u00eb nj\u00ebjtin standard. P\u00ebr vepr\u00ebn penale n\u00eb ngarkim t\u00eb Belinda Ballukut ndodhen sot n\u00eb qelit\u00eb e burgut disa zyrtar\u00eb publik\u00eb me shum\u00eb m\u00eb pak r\u00ebnd\u00ebsi dhe pushtet se Belinda Balluku. Ajo nuk mund t\u00eb gjykohet n\u00eb gjendje t\u00eb lir\u00eb, sepse ka pushtetin dhe potencialin p\u00ebr t\u00eb shantazhuar d\u00ebshmitar\u00eb, prishur prova apo arratisur si paraardh\u00ebsi<\/p>\n","protected":false},"excerpt":{"rendered":"<p>Kryetari i Grupit Parlamentar t\u00eb PD, Gazment Bardhi shkruan n\u00eb nj\u00eb postim n\u00eb Facebook se, marrja e pandehur nga SPAK e numrit 2 t\u00eb qeveris\u00eb, Belinda Balluku, nxjerr lakuriq Edi Ram\u00ebn si garant t\u00eb korrupsionit dhe pengues t\u00eb drejt\u00ebsis\u00eb. Bardhi thekson se nj\u00eb kryeminist\u00ebr q\u00eb pretendon t\u00eb luftoj\u00eb pand\u00ebshkueshm\u00ebrin\u00eb nuk mund t\u00eb mbaj\u00eb n\u00eb krahun &hellip;<\/p>\n","protected":false},"author":4,"featured_media":126525,"comment_status":"closed","ping_status":"closed","sticky":false,"template":"","format":"standard","meta":{"footnotes":""},"categories":[37],"tags":[],"class_list":["post-127176","post","type-post","status-publish","format-standard","has-post-thumbnail","","category-politike"],"_links":{"self":[{"href":"https:\/\/rdnews.al\/index.php\/wp-json\/wp\/v2\/posts\/127176","targetHints":{"allow":["GET"]}}],"collection":[{"href":"https:\/\/rdnews.al\/index.php\/wp-json\/wp\/v2\/posts"}],"about":[{"href":"https:\/\/rdnews.al\/index.php\/wp-json\/wp\/v2\/types\/post"}],"author":[{"embeddable":true,"href":"https:\/\/rdnews.al\/index.php\/wp-json\/wp\/v2\/users\/4"}],"replies":[{"embeddable":true,"href":"https:\/\/rdnews.al\/index.php\/wp-json\/wp\/v2\/comments?post=127176"}],"version-history":[{"count":1,"href":"https:\/\/rdnews.al\/index.php\/wp-json\/wp\/v2\/posts\/127176\/revisions"}],"predecessor-version":[{"id":127177,"href":"https:\/\/rdnews.al\/index.php\/wp-json\/wp\/v2\/posts\/127176\/revisions\/127177"}],"wp:featuredmedia":[{"embeddable":true,"href":"https:\/\/rdnews.al\/index.php\/wp-json\/wp\/v2\/media\/126525"}],"wp:attachment":[{"href":"https:\/\/rdnews.al\/index.php\/wp-json\/wp\/v2\/media?parent=127176"}],"wp:term":[{"taxonomy":"category","embeddable":true,"href":"https:\/\/rdnews.al\/index.php\/wp-json\/wp\/v2\/categories?post=127176"},{"taxonomy":"post_tag","embeddable":true,"href":"https:\/\/rdnews.al\/index.php\/wp-json\/wp\/v2\/tags?post=127176"}],"curies":[{"name":"wp","href":"https:\/\/api.w.org\/{rel}","templated":true}]}}