{"id":127178,"date":"2025-10-31T19:20:14","date_gmt":"2025-10-31T19:20:14","guid":{"rendered":"https:\/\/rdnews.al\/?p=127178"},"modified":"2025-10-31T19:20:14","modified_gmt":"2025-10-31T19:20:14","slug":"balluku-nen-akuze-tuneli-180-milion-euro-rrezoi-belen-e-qeverise","status":"publish","type":"post","link":"https:\/\/rdnews.al\/index.php\/2025\/10\/31\/balluku-nen-akuze-tuneli-180-milion-euro-rrezoi-belen-e-qeverise\/","title":{"rendered":"Balluku n\u00ebn akuz\u00eb! Tuneli 180 milion euro rr\u00ebzoi Bel\u00ebn e qeveris\u00eb!"},"content":{"rendered":"<p><b>Nga Boldnews.al<\/b><\/p>\n<p>Duke nisur nga kjo e premte, Belinda Balluku, e konsideruar edhe si \u201cBela e qeveris\u00eb\u201d, ka marr\u00eb zyrtarisht statusin e \u201ct\u00eb pandehur\u00ebs p\u00ebr kryerjen e nj\u00eb vepre penale\u201d, nj\u00eb situat\u00eb shum\u00eb e v\u00ebshtir\u00eb n\u00eb aspektin politik dhe personal.<\/p>\n<p>Balluku, njeriu m\u00eb i fort\u00eb i qeveris\u00eb shqiptare pas kryeministrit Edi Rama, akuzohet zyrtarisht nga Prokuroria e Posa\u00e7me p\u00ebr \u201c<em>shkeljen e barazis\u00eb n\u00eb tendera e ankande publik\u00eb<\/em>\u201d n\u00eb procedura mbi 800 mij\u00eb lek\u00eb, e kryer n\u00eb bashk\u00ebpunim, n\u00eb procedur\u00ebn p\u00ebr nd\u00ebrtimin e Tunelit t\u00eb Llogaras\u00eb, me fond limit 180 milion\u00eb euro.<\/p>\n<p>Por, \u00e7far\u00eb do t\u00eb thot\u00eb ky status i ri dhe si arriti Balluku deri n\u00eb k\u00ebt\u00eb pik\u00eb?<\/p>\n<p><strong>Dor\u00ebheqje-shkarkim?\u00a0\u00a0<\/strong><\/p>\n<p>Zv.kryeministrja Belinda Balluku tashm\u00eb \u00ebsht\u00eb n\u00eb krye t\u00eb list\u00ebs s\u00eb zyrtar\u00ebve m\u00eb t\u00eb lart\u00eb n\u00eb detyr\u00eb, t\u00eb marr\u00eb t\u00eb pandehur p\u00ebr kryerjen e nj\u00eb vepre penale. Vendimi i Prokuroris\u00eb s\u00eb Posa\u00e7me pritet t\u00eb ket\u00eb nj\u00eb ndikim t\u00eb fort\u00eb n\u00eb jet\u00ebn politike t\u00eb Ballukut, e cila gjendet n\u00eb krahun e djatht\u00eb t\u00eb Ram\u00ebs q\u00eb prej korrikut t\u00eb vitit 2022.<\/p>\n<figure id=\"attachment_1617519\" class=\"wp-caption alignnone\" aria-describedby=\"caption-attachment-1617519\"><img loading=\"lazy\" decoding=\"async\" class=\"size-full wp-image-1617519\" src=\"https:\/\/boldnews.al\/wp-content\/uploads\/2025\/10\/WhatsApp-Image-2025-10-31-at-18.46.36-1.jpeg\" alt=\"\" width=\"621\" height=\"476\" data-pin-no-hover=\"true\" \/><figcaption id=\"caption-attachment-1617519\" class=\"wp-caption-text\">N\u00eb foto: Belinda Balluku, duke u paraqitur n\u00eb SPAK<\/figcaption><\/figure>\n<p>Tashm\u00eb, me statusin e t\u00eb pandehur\u00ebs, Balluku, me shum\u00eb mund\u00ebsi do t\u00eb shqyrtoj\u00eb sa m\u00eb shpejt me veten dor\u00ebheqjen nga funksioni publik.<\/p>\n<p><strong>D\u00ebnimi?<\/strong><\/p>\n<p>Belinda Balluku ka mbi kurriz nj\u00eb seri t\u00eb gjat\u00eb akuzash publike p\u00ebr kryerjen e veprave t\u00eb r\u00ebnda penale, kryesisht p\u00ebr korrupsion. Megjithat\u00eb, SPAK-u, deri m\u00eb tani t\u00eb pakt\u00ebn, ka formuar akuz\u00ebn m\u00eb t\u00eb leht\u00eb t\u00eb mundshme ndaj saj.<\/p>\n<p>\u201cShkelja e barazis\u00eb n\u00eb tendera e ankande publike\u201d p\u00ebr procedura mbi 800 mij\u00eb lek\u00eb, ka nj\u00eb marzh d\u00ebnimi nga 1 deri n\u00eb 5 vjet. Ajo akuzohet se e ka kryer vepr\u00ebn n\u00eb bashk\u00ebpunim. Ky element nuk shton d\u00ebnimin e vepr\u00ebs fillestare, por, gjith\u00ebsesi, vler\u00ebsohet si rrethan\u00eb r\u00ebnduese.<\/p>\n<p><strong>A mund t\u00eb aplikohet mas\u00eb sigurimi?<\/strong><\/p>\n<p>Ekziston mund\u00ebsia. Praktika hetimore dhe gjyq\u00ebsore ka p\u00ebrcaktuar se masa e sigurimit \u201carrest me burg\u201d mund t\u00eb aplikohet p\u00ebr vepra penale q\u00eb kan\u00eb maksimumin e d\u00ebnimit mbi 3 vjet. Vepra penale q\u00eb r\u00ebndon mbi Ballukun e tejkalon limitin dhe mund t\u00eb aplikohet masa e \u201carrestit me burg\u201d<\/p>\n<figure id=\"attachment_1617524\" class=\"wp-caption alignnone\" aria-describedby=\"caption-attachment-1617524\"><img loading=\"lazy\" decoding=\"async\" class=\"size-medium wp-image-1617524\" src=\"https:\/\/boldnews.al\/wp-content\/uploads\/2025\/10\/WhatsApp-Image-2025-10-31-at-18.46.35-640x351.jpeg\" sizes=\"auto, (max-width: 640px) 100vw, 640px\" srcset=\"https:\/\/boldnews.al\/wp-content\/uploads\/2025\/10\/WhatsApp-Image-2025-10-31-at-18.46.35-640x351.jpeg 640w, https:\/\/boldnews.al\/wp-content\/uploads\/2025\/10\/WhatsApp-Image-2025-10-31-at-18.46.35.jpeg 701w\" alt=\"\" width=\"640\" height=\"351\" data-pin-no-hover=\"true\" \/><figcaption id=\"caption-attachment-1617524\" class=\"wp-caption-text\">N\u00eb foto: Belinda Balluku dhe kryeministri Edi Rama<\/figcaption><\/figure>\n<p>Por, gjith\u00ebsesi, Belinda Balluku ka imunitetin e deputetes. N\u00ebse Prokuroria e Posa\u00e7me do t\u00eb vendos\u00eb t\u00eb k\u00ebrkoj\u00eb mas\u00eb sigurimi arresti (n\u00eb burg ose n\u00eb sht\u00ebpi), at\u00ebher\u00eb m\u00eb par\u00eb duhet marr\u00eb Autorizimi nga Parlamenti.<\/p>\n<p>P\u00ebr masat e tjera m\u00eb t\u00eb lehta, si \u201c<em>detyrim p\u00ebr paraqitje<\/em>\u201d ose \u201c<em>ndalim dalje jasht\u00eb shtetit<\/em>\u201d, Prokuroria nuk ka nevoj\u00eb p\u00ebr Autorizim, por mund t\u2019i drejtohet direkt Gjykat\u00ebs s\u00eb Posa\u00e7me.<\/p>\n<p><strong>Motra avokate, presion apo shkak p\u00ebr konflikt?<\/strong><\/p>\n<p>Belinda Balluku u paraqit n\u00eb Prokurorin\u00eb e Posa\u00e7me p\u00ebr t\u2019u njohur me akuz\u00ebn s\u00eb bashku me avokaten Pamela Qirko, nj\u00ebkoh\u00ebsisht motra e saj.<\/p>\n<p>Qirko ka qen\u00eb kryetare e Komisionit t\u00eb Vetingut dhe pjes\u00eb e trup\u00ebs s\u00eb rivler\u00ebsimit q\u00eb konfirmoi n\u00eb detyr\u00eb Dritan Pren\u00e7in, prokurorin e \u00e7\u00ebshtjes s\u00eb Belinda Ballukut.<\/p>\n<p>Natyrisht, q\u00eb motra mund t\u00eb jet\u00eb njeriu m\u00eb i besuar i Ballukut. Por, vendosja p\u00ebrball\u00eb e Pamela Qirkos me Dritan Pren\u00e7in, p\u00ebr disa u konsiderua si form\u00eb presioni. Por, p\u00ebrballja mes tyre si avokat e prokuror mund t\u00eb jet\u00eb edhe nj\u00eb tentativ\u00eb e Ballukut p\u00ebr t\u00eb larguar nga \u00e7\u00ebshtja n\u00eb gjykim Dritan Pren\u00e7in.<\/p>\n<figure id=\"attachment_1617523\" class=\"wp-caption alignnone\" aria-describedby=\"caption-attachment-1617523\"><img loading=\"lazy\" decoding=\"async\" class=\"size-medium wp-image-1617523\" src=\"https:\/\/boldnews.al\/wp-content\/uploads\/2025\/10\/WhatsApp-Image-2025-10-31-at-18.46.35-1-640x388.jpeg\" sizes=\"auto, (max-width: 640px) 100vw, 640px\" srcset=\"https:\/\/boldnews.al\/wp-content\/uploads\/2025\/10\/WhatsApp-Image-2025-10-31-at-18.46.35-1-640x388.jpeg 640w, https:\/\/boldnews.al\/wp-content\/uploads\/2025\/10\/WhatsApp-Image-2025-10-31-at-18.46.35-1.jpeg 692w\" alt=\"\" width=\"640\" height=\"388\" data-pin-no-hover=\"true\" \/><figcaption id=\"caption-attachment-1617523\" class=\"wp-caption-text\">N\u00eb foto: Avokatja Pamela Qirko, motra e Belinda Ballukut<\/figcaption><\/figure>\n<p>N\u00ebse \u00ebsht\u00eb menduar k\u00ebshtu, at\u00ebher\u00eb Balluku, me shum\u00eb mund\u00ebsi, nuk do t\u00eb arrij\u00eb q\u00ebllimin. Dritan Pren\u00e7i \u00ebsht\u00eb prokuror i \u00e7\u00ebshtjes q\u00eb prej vitit 2024, nd\u00ebrkoh\u00eb q\u00eb Pamela Qirko \u00ebsht\u00eb caktuar si avokate n\u00eb vitin 2025. Pra, n\u00eb rast se ngrihet pretendimi p\u00ebr konflikt interesi, elementi koh\u00eb shkon n\u00eb favor t\u00eb atij q\u00eb ka qen\u00eb m\u00eb her\u00ebt i p\u00ebrfshir\u00eb n\u00eb \u00e7\u00ebshtje, prokurori Pren\u00e7i.<\/p>\n<p>Nga ana tjet\u00ebr, raporti Pren\u00e7i-Qirko nuk p\u00ebrfshihet n\u00eb rastet q\u00eb konsiderohen si \u201ckonflikt interesi\u201d ose \u201cpapajtueshm\u00ebri n\u00eb kryerjen e funksionit\u201d. Kodi i Procedur\u00ebs Penale njeh si \u201ckonfikt\u201d vet\u00ebm rastet kur pal\u00ebt n\u00eb procesin gjyq\u00ebsor jan\u00eb familjar\u00eb apo edhe n\u00eb rreth m\u00eb t\u00eb gjer\u00eb, deri n\u00eb krushqi. Dritan Pren\u00e7i dhe Pamela Qirko nuk jan\u00eb familjar\u00eb.<img loading=\"lazy\" decoding=\"async\" src=\"https:\/\/ads.adsense.al\/www\/delivery\/lg.php?bannerid=0&amp;campaignid=0&amp;zoneid=138&amp;loc=https%3A%2F%2Fboldnews.al%2F2025%2F10%2F31%2Fhap-pas-hapi-si-u-permbys-bota-e-ballukut-tuneli-180-mln-euro-rrezoi-belen-e-qeverise%2F&amp;referer=https%3A%2F%2Fboldnews.al%2Fcategory%2Faktualitet%2F&amp;cb=cf0224b856\" alt=\"\" width=\"0\" height=\"0\" \/><\/p>\n<p><strong>Direkt \u201ce pandehur\u201d?<\/strong><\/p>\n<p>Ka nj\u00eb detaj interesant n\u00eb njoftimin e Prokuroris\u00eb s\u00eb Posa\u00e7me-aty thuhet se Belinda Balluku \u00ebsht\u00eb marr\u00eb e pandehur, megjith\u00ebse ajo nuk \u00ebsht\u00eb marr\u00eb asnj\u00ebher\u00eb n\u00eb pyetje. Ky detaj d\u00ebshmon se SPAK-u ka siguruar nj\u00eb num\u00ebr t\u00eb konsideruesh\u00ebm provash gjat\u00eb hetimit, t\u00eb cilat jan\u00eb n\u00eb at\u00eb nivel q\u00eb nuk \u00ebsht\u00eb par\u00eb aspak e arsyeshme p\u00ebr ta pyetur Ballukun mbi gjetjet.<\/p>\n<p><strong>Si nisi hetimi?<\/strong><\/p>\n<p>N\u00eb gusht t\u00eb vitit 2024, Gazmend Bardhi, n\u00eb cil\u00ebsin\u00eb e p\u00ebrfaq\u00ebsuesit t\u00eb Partis\u00eb Demokratike, depozitoi nj\u00eb kall\u00ebzim penal kund\u00ebr Belinda Ballukut p\u00ebr procedurat e nd\u00ebrtimit t\u00eb Tunelit t\u00eb Llogaras\u00eb.<\/p>\n<p>N\u00eb janar t\u00eb k\u00ebtij viti, ish-zv.kryeministri Arben Ahmetaj, l\u00ebshoi gjithashtu nj\u00eb seri akuzash p\u00ebr p\u00ebrfshirjen e Belinda Ballukut n\u00eb \u201cafer\u00ebn e tunelit t\u00eb Llogaras\u00eb\u201d.<\/p>\n<figure id=\"attachment_1617521\" class=\"wp-caption alignnone\" aria-describedby=\"caption-attachment-1617521\"><img loading=\"lazy\" decoding=\"async\" class=\"size-medium wp-image-1617521\" src=\"https:\/\/boldnews.al\/wp-content\/uploads\/2025\/10\/WhatsApp-Image-2025-10-31-at-18.46.35-3-640x427.jpeg\" sizes=\"auto, (max-width: 640px) 100vw, 640px\" srcset=\"https:\/\/boldnews.al\/wp-content\/uploads\/2025\/10\/WhatsApp-Image-2025-10-31-at-18.46.35-3-640x427.jpeg 640w, https:\/\/boldnews.al\/wp-content\/uploads\/2025\/10\/WhatsApp-Image-2025-10-31-at-18.46.35-3.jpeg 720w\" alt=\"\" width=\"640\" height=\"427\" data-pin-no-hover=\"true\" \/><figcaption id=\"caption-attachment-1617521\" class=\"wp-caption-text\">N\u00eb foto: Ish-zv.kryeministri, Arben Ahmetaj<\/figcaption><\/figure>\n<p>\u201c<em>P\u00ebr projektin e tunelit. Kam qen\u00eb prezent. Jan\u00eb prezantuar n\u00eb nj\u00eb ambient privat dy kompani, q\u00eb un\u00eb s\u2019kisha dijeni se nuk ishte n\u00eb ministrin\u00eb time t\u00eb linj\u00ebs, prezent n\u00eb Turqi. Isha un\u00eb, kreu i organizat\u00ebs (Rama), pla\u00e7kit\u00ebsja (Balluku), edhe sy-zgrudulluari. Pla\u00e7kit\u00ebsja dhe kreu ishin prezent. Ishin dy kompani, dhe kreu sugjeroi q\u00eb k\u00ebta t\u00eb b\u00ebnin nj\u00eb kombinim. Faktin e dinin q\u00eb \u00ebsht\u00eb rr\u00ebzuar kompania Gjoka n\u00eb tender me 140 milion\u00eb, \u00ebsht\u00eb marr\u00eb me 190 milion\u00eb, me nj\u00eb t\u00eb g\u00eblltitur t\u00eb lapsit fap-fap nga kreu i organizat\u00ebs si\u00e7 e ka zakon, jan\u00eb g\u00eblltitur nga pla\u00e7kit\u00ebsja 50-milion\u00eb dollar. Inceneratori i Fierit, plus ai i Elbasanit, 50-54 milion\u00eb euro jan\u00eb<\/em>\u201d, tha Ahmetaj, n\u00eb nj\u00eb intervist\u00eb p\u00ebr \u201c\u00c7im Peka Live\u201d.<\/p>\n<p><strong>Afera e Tunelit t\u00eb Llogaras\u00eb<\/strong><\/p>\n<p>N\u00eb Dhjetor 2020, Ministria e Infrastruktur\u00ebs, e drejtuar nga Belinda Balluku, shpalli tenderin p\u00ebr nd\u00ebrtimin e Tunelit t\u00eb Llogaras\u00eb, me fond limit 130 milion\u00eb euro. Procedura u fitua nga \u201cGjoka Construction\u201d, por, m\u00eb pas, Balluku e anuloi procedur\u00ebn.<\/p>\n<p>Tenderi u rihap s\u00ebrish n\u00eb qershor 2021, por tashm\u00eb fondi ishte rritur ndjesh\u00ebm, duke arritur n\u00eb 180 milion\u00eb euro.<\/p>\n<figure id=\"attachment_1617520\" class=\"wp-caption alignnone\" aria-describedby=\"caption-attachment-1617520\"><img loading=\"lazy\" decoding=\"async\" class=\"size-medium wp-image-1617520\" src=\"https:\/\/boldnews.al\/wp-content\/uploads\/2025\/10\/WhatsApp-Image-2025-10-31-at-18.46.36-640x361.jpeg\" sizes=\"auto, (max-width: 640px) 100vw, 640px\" srcset=\"https:\/\/boldnews.al\/wp-content\/uploads\/2025\/10\/WhatsApp-Image-2025-10-31-at-18.46.36-640x361.jpeg 640w, https:\/\/boldnews.al\/wp-content\/uploads\/2025\/10\/WhatsApp-Image-2025-10-31-at-18.46.36.jpeg 729w\" alt=\"\" width=\"640\" height=\"361\" data-pin-no-hover=\"true\" \/><figcaption id=\"caption-attachment-1617520\" class=\"wp-caption-text\">N\u00eb foto: Balluku n\u00eb Tunelin e Llogaras\u00eb<\/figcaption><\/figure>\n<p>Procedura u fitua nga bashkimi i operator\u00ebve ekonomik\u00eb (BOE) \u201cIntekar Yapi Turizm Elektrik dhe \u201cAsl Insaat Taahhut\u201d. N\u00eb gar\u00eb nuk mori pjes\u00eb \u201cGjoka Konstruksion\u201d, megjith\u00ebse ajo kishte paraqitur nj\u00eb ofert\u00eb shum\u00eb m\u00eb t\u00eb ul\u00ebt n\u00eb procedur\u00ebn e anuluar m\u00eb par\u00eb. Gjith\u00ebsesi, \u201cGjoka Konstruksion\u201d u pajtua si n\u00ebnkontraktore p\u00ebr nd\u00ebrtimin e Tunelit, duke ngritur dyshimet q\u00eb her\u00ebt se e gjith\u00eb procedura ishte fiktive.<\/p>\n<p><strong>Balluku u vonua rrug\u00ebs p\u00ebr n\u00eb SPAK<\/strong><\/p>\n<p>Belinda Balluku duhej t\u00eb paraqitej para prokurorit t\u00eb posa\u00e7\u00ebm t\u00eb h\u00ebn\u00ebn e k\u00ebsaj jave. Por, ajo k\u00ebrkoi shtyrje t\u00eb paraqitjes, me argumentin se n\u00eb dit\u00ebn dhe or\u00ebn e caktuar nga Prokuroria, do t\u00eb gjendej jasht\u00eb Shqip\u00ebris\u00eb, n\u00eb nj\u00eb takim t\u00eb planifikuar.<\/p>\n<p>Lajmi q\u00eb Balluku ishte ftuar t\u00eb paraqitej n\u00eb SPAK, e shoq\u00ebruar me avokat, u p\u00ebrhap fundjav\u00ebn e kaluar. Balluku u mundua ta sfumonte k\u00ebt\u00eb zhvillim, duke u shfaqur n\u00eb nj\u00eb video nga nj\u00eb udh\u00ebtim me tren n\u00eb Zvic\u00ebr, ku njoftoi publikun se po shkonte n\u00eb Bern\u00eb p\u00ebr t\u00eb finalizuar nj\u00eb projekt bashk\u00ebpunimi p\u00ebr nd\u00ebrtimin e linj\u00ebs hekurudhore q\u00eb lidh Shqip\u00ebrin\u00eb me vendin helvetik.<\/p>\n<figure id=\"attachment_1617522\" class=\"wp-caption alignnone\" aria-describedby=\"caption-attachment-1617522\"><img loading=\"lazy\" decoding=\"async\" class=\"size-medium wp-image-1617522\" src=\"https:\/\/boldnews.al\/wp-content\/uploads\/2025\/10\/WhatsApp-Image-2025-10-31-at-18.46.35-2-640x800.jpeg\" sizes=\"auto, (max-width: 640px) 100vw, 640px\" srcset=\"https:\/\/boldnews.al\/wp-content\/uploads\/2025\/10\/WhatsApp-Image-2025-10-31-at-18.46.35-2-640x800.jpeg 640w, https:\/\/boldnews.al\/wp-content\/uploads\/2025\/10\/WhatsApp-Image-2025-10-31-at-18.46.35-2.jpeg 674w\" alt=\"\" width=\"640\" height=\"800\" data-pin-no-hover=\"true\" \/><figcaption id=\"caption-attachment-1617522\" class=\"wp-caption-text\">N\u00eb foto: Udh\u00ebtimi i Ballukut n\u00eb Zvic\u00ebr<\/figcaption><\/figure>\n<p>Projekti i saj u prit me skepticiz\u00ebm dhe ironi, si nj\u00eb ide futuristike dhe e parealizueshme, n\u00eb kushtet kur Shqip\u00ebria nuk ka linj\u00eb funksionale hekurudhore brenda vendit.<\/p>\n<p>Takimi i Zvicr\u00ebs nuk ishte i mjaftuesh\u00ebm p\u00ebr t\u00eb shmangur Ballukun nga vizita n\u00eb SPAK. Ajo u kthye p\u00ebr pak or\u00eb n\u00eb Shqip\u00ebri dhe, t\u00eb h\u00ebn\u00ebn q\u00eb duhej t\u00eb shkonte n\u00eb Prokurori, udh\u00ebtoi drejt Bullgaris\u00eb.<\/p>\n<p>Gjat\u00eb jav\u00ebs, Balluku u angazhua me prezantimin e drejtorit t\u00eb ri t\u00eb Portit t\u00eb Durr\u00ebsit, Liburn Aliu dhe Drejtorin e Transportit Rrugor, Kreshnik Hajdaraj.<\/p>\n<p>Por, gjith\u00ebsesi, e premjta erdhi. Belinda Balluku u detyrua t\u00eb paraqitej n\u00eb SPAK, pasi n\u00eb t\u00eb kund\u00ebrt do t\u00eb detyrohej q\u00eb t\u00eb shkonte para prokuror\u00ebve e detyruar me forc\u00eb.<\/p>\n","protected":false},"excerpt":{"rendered":"<p>Nga Boldnews.al Duke nisur nga kjo e premte, Belinda Balluku, e konsideruar edhe si \u201cBela e qeveris\u00eb\u201d, ka marr\u00eb zyrtarisht statusin e \u201ct\u00eb pandehur\u00ebs p\u00ebr kryerjen e nj\u00eb vepre penale\u201d, nj\u00eb situat\u00eb shum\u00eb e v\u00ebshtir\u00eb n\u00eb aspektin politik dhe personal. Balluku, njeriu m\u00eb i fort\u00eb i qeveris\u00eb shqiptare pas kryeministrit Edi Rama, akuzohet zyrtarisht nga &hellip;<\/p>\n","protected":false},"author":4,"featured_media":127179,"comment_status":"closed","ping_status":"closed","sticky":false,"template":"","format":"standard","meta":{"footnotes":""},"categories":[37],"tags":[],"class_list":["post-127178","post","type-post","status-publish","format-standard","has-post-thumbnail","","category-politike"],"_links":{"self":[{"href":"https:\/\/rdnews.al\/index.php\/wp-json\/wp\/v2\/posts\/127178","targetHints":{"allow":["GET"]}}],"collection":[{"href":"https:\/\/rdnews.al\/index.php\/wp-json\/wp\/v2\/posts"}],"about":[{"href":"https:\/\/rdnews.al\/index.php\/wp-json\/wp\/v2\/types\/post"}],"author":[{"embeddable":true,"href":"https:\/\/rdnews.al\/index.php\/wp-json\/wp\/v2\/users\/4"}],"replies":[{"embeddable":true,"href":"https:\/\/rdnews.al\/index.php\/wp-json\/wp\/v2\/comments?post=127178"}],"version-history":[{"count":1,"href":"https:\/\/rdnews.al\/index.php\/wp-json\/wp\/v2\/posts\/127178\/revisions"}],"predecessor-version":[{"id":127180,"href":"https:\/\/rdnews.al\/index.php\/wp-json\/wp\/v2\/posts\/127178\/revisions\/127180"}],"wp:featuredmedia":[{"embeddable":true,"href":"https:\/\/rdnews.al\/index.php\/wp-json\/wp\/v2\/media\/127179"}],"wp:attachment":[{"href":"https:\/\/rdnews.al\/index.php\/wp-json\/wp\/v2\/media?parent=127178"}],"wp:term":[{"taxonomy":"category","embeddable":true,"href":"https:\/\/rdnews.al\/index.php\/wp-json\/wp\/v2\/categories?post=127178"},{"taxonomy":"post_tag","embeddable":true,"href":"https:\/\/rdnews.al\/index.php\/wp-json\/wp\/v2\/tags?post=127178"}],"curies":[{"name":"wp","href":"https:\/\/api.w.org\/{rel}","templated":true}]}}