{"id":127181,"date":"2025-10-31T21:12:56","date_gmt":"2025-10-31T21:12:56","guid":{"rendered":"https:\/\/rdnews.al\/?p=127181"},"modified":"2025-10-31T21:12:56","modified_gmt":"2025-10-31T21:12:56","slug":"kercenime-me-jete-per-prokurorin-qe-heton-ballukun-mesazhi-qe-i-qepi-gojen-kercenimeve-te-rames","status":"publish","type":"post","link":"https:\/\/rdnews.al\/index.php\/2025\/10\/31\/kercenime-me-jete-per-prokurorin-qe-heton-ballukun-mesazhi-qe-i-qepi-gojen-kercenimeve-te-rames\/","title":{"rendered":"K\u00ebrc\u00ebnime me jet\u00eb p\u00ebr prokurorin q\u00eb heton Ballukun\/ Mesazhi q\u00eb i qepi goj\u00ebn k\u00ebrc\u00ebnimeve t\u00eb Ram\u00ebs"},"content":{"rendered":"<p>Nj\u00eb prokuror q\u00eb ka guxuar t\u00eb hetoj\u00eb njeriun m\u00eb t\u00eb af\u00ebrt t\u00eb aferave korruptive t\u00eb Ram\u00ebs \u00ebsht\u00eb k\u00ebrc\u00ebnuar n\u00eb m\u00ebnyr\u00eb kriminale nga Kryeministri dhe deri tek kreu i SPAK. Rama e ka k\u00ebrc\u00ebnuar direkt nga telefoni i Manj\u00ebs dhe p\u00ebr k\u00ebt\u00eb ka regjistrim p\u00ebr t\u00eb cilin as Rama as Manja nuk e kan\u00eb t\u00eb leht\u00eb ti ikin.<\/p>\n<p>Por ajo q\u00eb \u00ebsht\u00eb m\u00eb e r\u00ebnd\u00ebsishmja pas k\u00ebtyre k\u00ebrc\u00ebnimeve t\u00eb Ram\u00ebs \u00ebsht\u00eb mesazhi q\u00eb ai ka marr\u00eb dhe q\u00eb e ka b\u00ebr\u00eb q\u00eb t\u00eb qep\u00eb goj\u00ebn. K\u00ebt\u00eb deklarat\u00eb e ka b\u00ebr\u00eb publike sot Kryetari i PD, Sali Berisha. Cili ka qen\u00eb mesazhi q\u00eb ai ka marr\u00eb \u00ebsht\u00eb e qart\u00eb. Nj\u00eb paralajm\u00ebrim t\u00eb fort\u00eb q\u00eb e ka tronditur jo pak. Kush ja ka mbyllur goj\u00ebn Ram\u00ebs pas atyre k\u00ebrc\u00ebnimeve? Esht\u00eb e kuptueshme. Rama nuk po ndjen burgun e Ballukut, por ndjen burgun e tij.<\/p>\n<p><strong>Pjes\u00eb nga deklarata e Kryetarit t\u00eb PD<\/strong><\/p>\n<p>Kjo mbledhje e grupit parlamentar thirret n\u00eb nj\u00eb moment kritik p\u00ebr vendin, n\u00eb nj\u00eb moment kritik p\u00ebr opozit\u00ebn dhe opozitarizmin.<\/p>\n<p>Ju jeni d\u00ebshmitar\u00eb se ngrehina e narkoshtetit, e qelbur nga koka, kund\u00ebrmon sot m\u00eb shum\u00eb se kurr\u00eb n\u00eb Shqip\u00ebri dhe n\u00eb bot\u00eb.<\/p>\n<p>Z\u00ebvend\u00ebsja m\u00eb besnike e Edi Ram\u00ebs n\u00eb 25 vitet e fundit, Lubi Balluku, merret e pandehur p\u00ebr nj\u00eb t\u00eb mij\u00ebt\u00ebn e vjedhjeve dhe shp\u00ebrdorimeve t\u00eb saj.<\/p>\n<p>Nj\u00eb t\u00eb mij\u00ebt\u00ebn!<\/p>\n<p>Dhe marrja e saj e pandehur ishte nj\u00eb akt kaluari i v\u00ebrtet\u00eb, do t\u00eb themi at\u00eb q\u00eb \u00ebsht\u00eb, p\u00ebr at\u00eb prokuror q\u00eb guxoi t\u00eb firmos\u00eb thirrjen e saj.<\/p>\n<p>Ai prokuror q\u00eb guxoi t\u00eb firmos\u00eb thirrjen e nj\u00eb personi q\u00eb bashk\u00eb me Edi Ram\u00ebn kan\u00eb zhdukur miliarda n\u00eb tendera n\u00eb k\u00ebt\u00eb vend, ai u p\u00ebrball me k\u00ebrc\u00ebnime vras\u00ebsish, me k\u00ebrc\u00ebnime indirekt t\u00eb bosit t\u00eb tij, Troplinit n\u00eb krye t\u00eb Skapit, por edhe me k\u00ebrc\u00ebnime direkt t\u00eb kryeministrit n\u00ebp\u00ebrmjet telefonit t\u00eb faqezi Manj\u00ebs, Ulsi Manj\u00ebs.<\/p>\n<p>Shikoni se ku jemi.<\/p>\n<p>Cili je ti, i thot\u00eb Ramaduro prokurorit, q\u00eb guxon t\u00eb prek\u00ebsh pasaport\u00ebn e z\u00ebvend\u00ebskryeministres s\u00eb Shqip\u00ebris\u00eb?<\/p>\n<p>Kjo \u00ebsht\u00eb e v\u00ebrteta.<\/p>\n<p>Dhe kur merr ca mesazhe Ramaduro, e qep goj\u00ebn sepse ishte vet\u00eb personazh q\u00eb duhej t\u2019i hiqej pasaporta.<\/p>\n<p>Por, pavar\u00ebsisht nga kjo situat\u00eb, ai zgjedh t\u00eb mbroj\u00eb me kusht veprimtarin\u00eb e tij kriminale.<\/p>\n<p>P\u00ebrdor t\u00eb gjitha mjetet e propagand\u00ebs kund\u00ebr opozit\u00ebs, dhe jo vet\u00ebm propagand\u00ebs, dhe mbrojtjen e krimeve t\u00eb tij.<\/p>\n<p>Nuk e di n\u00ebse e ndoq\u00ebt seanc\u00ebn publike t\u00eb Gjykat\u00ebs Kushtetuese.<\/p>\n<p>Un\u00eb u them ju se nj\u00eb nga protestat m\u00eb t\u00eb shk\u00eblqyera dhe m\u00eb t\u00eb r\u00ebnd\u00ebsishme q\u00eb ka b\u00ebr\u00eb PD, dega e Tiran\u00ebs, por edhe t\u00eb tjer\u00eb nga ardhur nga Shqip\u00ebria, \u00ebsht\u00eb protesta p\u00ebr arrestimin e Erion Veliajt.<\/p>\n<p>Po!<\/p>\n<p>Nj\u00eb kryetar bashkie q\u00eb ka firmosur mbi nj\u00eb incenerator 130 milion\u00eb euro dhe nuk i gjendet as nami dhe as nishani.<\/p>\n<p>Nuk \u00ebsht\u00eb hetuar p\u00ebr t\u00eb se \u00ebsht\u00eb Edi Rama mbi firm\u00ebn e tij.<\/p>\n<p>Kjo \u00ebsht\u00eb e v\u00ebrteta, q\u00eb ta dini.<\/p>\n<p>\u00cbsht\u00eb Edi Rama.<\/p>\n<p>Ndaj dhe ai, q\u00eb ka pasur k\u00ebt\u00eb dosje q\u00eb ne e kemi sulmuar me qindra her\u00eb, q\u00eb ti je i till\u00eb dhe ti je i atill\u00eb, nuk e hetove, nuk e more, ai, t\u00eb jemi realist\u00eb, p\u00ebr t\u00eb marr\u00eb o do t\u00eb merrte t\u00eb dy, ose do ishte i padrejt\u00eb dhe i pandersh\u00ebm.<\/p>\n<p>T\u00eb dy nuk i merrte dot.<\/p>\n<p>P\u00ebr Belind\u00ebn dhe i bien bandat n\u00eb t\u00eb kat\u00ebr an\u00ebt.<\/p>\n","protected":false},"excerpt":{"rendered":"<p>Nj\u00eb prokuror q\u00eb ka guxuar t\u00eb hetoj\u00eb njeriun m\u00eb t\u00eb af\u00ebrt t\u00eb aferave korruptive t\u00eb Ram\u00ebs \u00ebsht\u00eb k\u00ebrc\u00ebnuar n\u00eb m\u00ebnyr\u00eb kriminale nga Kryeministri dhe deri tek kreu i SPAK. Rama e ka k\u00ebrc\u00ebnuar direkt nga telefoni i Manj\u00ebs dhe p\u00ebr k\u00ebt\u00eb ka regjistrim p\u00ebr t\u00eb cilin as Rama as Manja nuk e kan\u00eb t\u00eb leht\u00eb &hellip;<\/p>\n","protected":false},"author":3,"featured_media":127186,"comment_status":"closed","ping_status":"closed","sticky":false,"template":"","format":"standard","meta":{"footnotes":""},"categories":[37],"tags":[],"class_list":["post-127181","post","type-post","status-publish","format-standard","has-post-thumbnail","","category-politike"],"_links":{"self":[{"href":"https:\/\/rdnews.al\/index.php\/wp-json\/wp\/v2\/posts\/127181","targetHints":{"allow":["GET"]}}],"collection":[{"href":"https:\/\/rdnews.al\/index.php\/wp-json\/wp\/v2\/posts"}],"about":[{"href":"https:\/\/rdnews.al\/index.php\/wp-json\/wp\/v2\/types\/post"}],"author":[{"embeddable":true,"href":"https:\/\/rdnews.al\/index.php\/wp-json\/wp\/v2\/users\/3"}],"replies":[{"embeddable":true,"href":"https:\/\/rdnews.al\/index.php\/wp-json\/wp\/v2\/comments?post=127181"}],"version-history":[{"count":1,"href":"https:\/\/rdnews.al\/index.php\/wp-json\/wp\/v2\/posts\/127181\/revisions"}],"predecessor-version":[{"id":127187,"href":"https:\/\/rdnews.al\/index.php\/wp-json\/wp\/v2\/posts\/127181\/revisions\/127187"}],"wp:featuredmedia":[{"embeddable":true,"href":"https:\/\/rdnews.al\/index.php\/wp-json\/wp\/v2\/media\/127186"}],"wp:attachment":[{"href":"https:\/\/rdnews.al\/index.php\/wp-json\/wp\/v2\/media?parent=127181"}],"wp:term":[{"taxonomy":"category","embeddable":true,"href":"https:\/\/rdnews.al\/index.php\/wp-json\/wp\/v2\/categories?post=127181"},{"taxonomy":"post_tag","embeddable":true,"href":"https:\/\/rdnews.al\/index.php\/wp-json\/wp\/v2\/tags?post=127181"}],"curies":[{"name":"wp","href":"https:\/\/api.w.org\/{rel}","templated":true}]}}