{"id":127182,"date":"2025-10-31T21:05:01","date_gmt":"2025-10-31T21:05:01","guid":{"rendered":"https:\/\/rdnews.al\/?p=127182"},"modified":"2025-10-31T21:05:01","modified_gmt":"2025-10-31T21:05:01","slug":"alimehmeti-veliaj-duhej-te-ishte-ne-burg-per-akuza-me-te-renda-si-inceneratori-dhe-5d","status":"publish","type":"post","link":"https:\/\/rdnews.al\/index.php\/2025\/10\/31\/alimehmeti-veliaj-duhej-te-ishte-ne-burg-per-akuza-me-te-renda-si-inceneratori-dhe-5d\/","title":{"rendered":"Alimehmeti: Veliaj duhej t\u00eb ishte n\u00eb burg p\u00ebr akuza m\u00eb t\u00eb r\u00ebnda si inceneratori dhe \u201d5D\u201d"},"content":{"rendered":"<p>Ilir Alimehmeti ka komentuar arrestimin e Erion Veliajt n\u00eb nj\u00eb intervist\u00eb p\u00ebr Ora News, duke e cil\u00ebsuar si t\u00eb motivuar nga akuza t\u00eb par\u00ebnd\u00ebsishme krahasuar me \u00e7\u00ebshtjet e m\u00ebdha q\u00eb e ndjekin.<\/p>\n<p>Sipas Alimehmetit, n\u00ebse Veliaj e konsideron veten t\u00eb burgosur politik, at\u00ebher\u00eb p\u00ebrgjegj\u00ebsia bie mbi kryeministrin Edi Rama. \u201cN\u00ebse \u00ebsht\u00eb politike, ai q\u00eb ka fuqin\u00eb politike e b\u00ebn. Pra n\u00ebse ai ka k\u00ebt\u00eb akuz\u00eb, e ka p\u00ebr kryeministrin\u201d,\u00a0u shpreh ai.<\/p>\n<p>Alimehmeti theksoi se Veliaj \u00ebsht\u00eb i akuzuar nga qytetar\u00ebt p\u00ebr nj\u00eb s\u00ebr\u00eb \u00e7\u00ebshtjesh t\u00eb r\u00ebnda, p\u00ebrfshir\u00eb shp\u00ebrdorimin e fondeve publike dhe projekte t\u00eb m\u00ebdha q\u00eb nuk ekzistojn\u00eb.<\/p>\n<p>Ai p\u00ebrmendi inceneratorin e Tiran\u00ebs, impiantin e p\u00ebrpunimit t\u00eb uj\u00ebrave t\u00eb zeza, si dhe qindra objekte shkollore q\u00eb sipas tij duhej t\u00eb ishin nd\u00ebrtuar, por q\u00eb ende mungojn\u00eb.<\/p>\n<p>\u201cKa shum\u00eb akuza t\u00eb tilla, nd\u00ebrkoh\u00eb q\u00eb nga krahu tjet\u00ebr ai po vuan nj\u00eb d\u00ebnim\u2026 nuk ka nj\u00eb d\u00ebnim, por \u00ebsht\u00eb n\u00eb mas\u00ebn e arrestit me burg p\u00ebr akuza shum\u00eb m\u00eb t\u00eb vogla\u201d,\u00a0tha Alimehmeti, duke n\u00ebnvizuar se \u00e7\u00ebshtjet m\u00eb t\u00eb r\u00ebnda si inceneratori dhe \u201c5D\u201d jan\u00eb l\u00ebn\u00eb m\u00ebnjan\u00eb.<\/p>\n","protected":false},"excerpt":{"rendered":"<p>Ilir Alimehmeti ka komentuar arrestimin e Erion Veliajt n\u00eb nj\u00eb intervist\u00eb p\u00ebr Ora News, duke e cil\u00ebsuar si t\u00eb motivuar nga akuza t\u00eb par\u00ebnd\u00ebsishme krahasuar me \u00e7\u00ebshtjet e m\u00ebdha q\u00eb e ndjekin. Sipas Alimehmetit, n\u00ebse Veliaj e konsideron veten t\u00eb burgosur politik, at\u00ebher\u00eb p\u00ebrgjegj\u00ebsia bie mbi kryeministrin Edi Rama. \u201cN\u00ebse \u00ebsht\u00eb politike, ai q\u00eb ka &hellip;<\/p>\n","protected":false},"author":4,"featured_media":83456,"comment_status":"closed","ping_status":"closed","sticky":false,"template":"","format":"standard","meta":{"footnotes":""},"categories":[37],"tags":[],"class_list":["post-127182","post","type-post","status-publish","format-standard","has-post-thumbnail","","category-politike"],"_links":{"self":[{"href":"https:\/\/rdnews.al\/index.php\/wp-json\/wp\/v2\/posts\/127182","targetHints":{"allow":["GET"]}}],"collection":[{"href":"https:\/\/rdnews.al\/index.php\/wp-json\/wp\/v2\/posts"}],"about":[{"href":"https:\/\/rdnews.al\/index.php\/wp-json\/wp\/v2\/types\/post"}],"author":[{"embeddable":true,"href":"https:\/\/rdnews.al\/index.php\/wp-json\/wp\/v2\/users\/4"}],"replies":[{"embeddable":true,"href":"https:\/\/rdnews.al\/index.php\/wp-json\/wp\/v2\/comments?post=127182"}],"version-history":[{"count":1,"href":"https:\/\/rdnews.al\/index.php\/wp-json\/wp\/v2\/posts\/127182\/revisions"}],"predecessor-version":[{"id":127183,"href":"https:\/\/rdnews.al\/index.php\/wp-json\/wp\/v2\/posts\/127182\/revisions\/127183"}],"wp:featuredmedia":[{"embeddable":true,"href":"https:\/\/rdnews.al\/index.php\/wp-json\/wp\/v2\/media\/83456"}],"wp:attachment":[{"href":"https:\/\/rdnews.al\/index.php\/wp-json\/wp\/v2\/media?parent=127182"}],"wp:term":[{"taxonomy":"category","embeddable":true,"href":"https:\/\/rdnews.al\/index.php\/wp-json\/wp\/v2\/categories?post=127182"},{"taxonomy":"post_tag","embeddable":true,"href":"https:\/\/rdnews.al\/index.php\/wp-json\/wp\/v2\/tags?post=127182"}],"curies":[{"name":"wp","href":"https:\/\/api.w.org\/{rel}","templated":true}]}}