{"id":127188,"date":"2025-10-31T21:21:15","date_gmt":"2025-10-31T21:21:15","guid":{"rendered":"https:\/\/rdnews.al\/?p=127188"},"modified":"2025-10-31T21:21:38","modified_gmt":"2025-10-31T21:21:38","slug":"berisha-pret-ne-zyre-raporterin-e-pe-per-shqiperine-dhe-nje-grup-gazetaresh-gjermane-e-austriake","status":"publish","type":"post","link":"https:\/\/rdnews.al\/index.php\/2025\/10\/31\/berisha-pret-ne-zyre-raporterin-e-pe-per-shqiperine-dhe-nje-grup-gazetaresh-gjermane-e-austriake\/","title":{"rendered":"Berisha pret n\u00eb zyr\u00eb raporterin e PE p\u00ebr Shqip\u00ebrin\u00eb dhe nj\u00eb grup gazetar\u00ebsh gjerman\u00eb e austriak\u00eb"},"content":{"rendered":"<p>Kryetari i PD, Sali Berisha ka pritur n\u00eb nj\u00eb takim n\u00eb selin\u00eb e PD raporterin e PE p\u00ebr Shqip\u00ebrin\u00eb, Andreas Schieder dhe nj\u00eb grup gazetar\u00ebsh gjerman\u00eb e austriak\u00eb.<\/p>\n<p>Berisha shkruan se, gjat\u00eb nj\u00eb bisede t\u00eb hapur e t\u00eb ngroht\u00eb, i njoha miqt\u00eb me opresionin q\u00eb ushtrohet ndaj opozit\u00ebs n\u00eb Kuvend, moslejimin e interpelancave dhe ngritjen e komisioneve hetimore, nj\u00eb e drejt\u00eb kushtetuese e \u00e7do opozite n\u00eb \u00e7do vend demokratik.<\/p>\n<p><strong>Postimi<\/strong><\/p>\n<p>Takim me raporterin e PE p\u00ebr Shqip\u00ebrin\u00eb, z. Andreas Schieder dhe nj\u00eb grup gazetar\u00ebsh gjerman\u00eb e austriak\u00eb.<\/p>\n<p>Pata k\u00ebnaq\u00ebsin\u00eb t\u00eb takoja dje n\u00eb selin\u00eb e Partis\u00eb Demokratike, eurodeputetin Andreas Schieder, reporteri i Parlamentit Europian p\u00ebr Shqip\u00ebrin\u00eb, an\u00ebtar i Komitetit t\u00eb Stabilizim- Asociimit t\u00eb PE me Shqip\u00ebrin\u00eb, dhe nj\u00eb grup gazetar\u00ebsh austriak\u00eb e gjerman\u00eb, q\u00eb mbulojn\u00eb rajonin dhe Bashkimin Europian.<\/p>\n<p>Gjat\u00eb nj\u00eb bisede t\u00eb hapur e t\u00eb ngroht\u00eb, i njoha miqt\u00eb me opresionin q\u00eb ushtrohet ndaj opozit\u00ebs n\u00eb Kuvend, moslejimin e interpelancave dhe ngritjen e komisioneve hetimore, nj\u00eb e drejt\u00eb kushtetuese e \u00e7do opozite n\u00eb \u00e7do vend demokratik.<\/p>\n<p>Theksova se kjo, nd\u00ebr t\u00eb tjera, p\u00ebrb\u00ebn edhe dallimin mes nj\u00eb diktature totalitare dhe nj\u00eb autokracie, apo nj\u00eb narko-diktature, si\u00e7 \u00ebsht\u00eb Shqip\u00ebria n\u00ebn Edi Ram\u00ebn. Si \u2018narkoshteti i par\u00eb\u2019 dhe i vet\u00ebm n\u00eb Europ\u00eb, Shqip\u00ebria nuk cil\u00ebsohet nga un\u00eb dhe as nga opozita, por \u00ebsht\u00eb pjes\u00eb e nj\u00eb vargu hulumtimesh, reportazhesh dhe dokumentar\u00ebsh n\u00eb mediat austriake, gjermane, belge, italiane dhe franceze, duke filluar q\u00eb nga viti 2017.<\/p>\n<p>Shqip\u00ebria, n\u00ebn qeverisjen e Ram\u00ebs, \u00ebsht\u00eb b\u00ebr\u00eb nj\u00eb parajs\u00eb e narkotrafikut, pastrimit t\u00eb parave t\u00eb drog\u00ebs n\u00eb nd\u00ebrtim dhe korrupsionit galopant.<\/p>\n<p>U theksova miqve se, Partia Demokratike e ka t\u00eb qart\u00eb dhe t\u00eb pand\u00ebrprer\u00eb vokacionin pro-per\u00ebndimor, dhe angazhimet eurotlantike jan\u00eb n\u00eb themel, jo vet\u00ebm t\u00eb vizonit t\u00eb saj q\u00eb n\u00eb zanafill\u00eb, n\u00eb vitin 1990, por edhe shtylla mbi t\u00eb cilat \u00ebsht\u00eb qeverisur vendi n\u00ebn drejtimin e saj.<\/p>\n<p>Biseda ishte e hapur dhe me tematik\u00eb t\u00eb gjer\u00eb.<\/p>\n<p><img decoding=\"async\" src=\"https:\/\/scontent.ftia5-1.fna.fbcdn.net\/v\/t39.30808-6\/573055731_1603943224420107_7400376420256468958_n.jpg?_nc_cat=1&amp;ccb=1-7&amp;_nc_sid=833d8c&amp;_nc_ohc=EgO3FgDBVDQQ7kNvwHJ-otX&amp;_nc_oc=Adljpeb6-OiUxRDGYXoLcRwt6sPxwvUbCnw3yMHL7saCEMvHxaxt4U19vwfrAgdk8lg&amp;_nc_zt=23&amp;_nc_ht=scontent.ftia5-1.fna&amp;_nc_gid=R8H1MwkPIK_L2O2NuMYt6w&amp;oh=00_AfcXQGmuhjsNuwIZFx09kpWAS8_R8Vk956qGI3NMrrjtUg&amp;oe=690AEABC\" alt=\"Mund t\u00eb jet\u00eb nj\u00eb imazh i Zyra Ovale\" \/><\/p>\n<p><img decoding=\"async\" src=\"https:\/\/scontent.ftia5-1.fna.fbcdn.net\/v\/t39.30808-6\/571279369_1603943267753436_743403525481417896_n.jpg?_nc_cat=101&amp;ccb=1-7&amp;_nc_sid=833d8c&amp;_nc_ohc=Cu6KPr1FGh8Q7kNvwFGDAkd&amp;_nc_oc=Admc_yTZGgCX8IbYTmEMnNT3-zA99MbFqSfnISxTLAOUqrackrzUwMZ8ZVvcDzmRvFQ&amp;_nc_zt=23&amp;_nc_ht=scontent.ftia5-1.fna&amp;_nc_gid=3LICXHJ0QE7quGgqN3mqsQ&amp;oh=00_AfeBwgtc_URyzh2Vs2EotP6HCagTnM763aF_5yPrnGHmgA&amp;oe=690AF754\" alt=\"Mund t\u00eb jet\u00eb nj\u00eb imazh i duke studiuar\" \/><\/p>\n<p><img decoding=\"async\" src=\"https:\/\/scontent.ftia5-1.fna.fbcdn.net\/v\/t39.30808-6\/574854008_1603943541086742_6829578074329935064_n.jpg?_nc_cat=103&amp;ccb=1-7&amp;_nc_sid=833d8c&amp;_nc_ohc=y5FoWSCpIhEQ7kNvwH9JrRm&amp;_nc_oc=AdnSTV1pxmPYArLlDzPb7lhvMAPTS6ES8kIdJHedFR0Wsp4eJuch2KlyFMPJanauFW0&amp;_nc_zt=23&amp;_nc_ht=scontent.ftia5-1.fna&amp;_nc_gid=-NYf_A_Lao8zq17XuajMKw&amp;oh=00_Afe7Plk6Xt-5nJzeEHET1UpzzvrpfXTJs_fzUDIxnzOLtA&amp;oe=690AE0B5\" alt=\"Mund t\u00eb jet\u00eb nj\u00eb imazh i teksti\" \/><\/p>\n<p><img decoding=\"async\" src=\"https:\/\/scontent.ftia5-1.fna.fbcdn.net\/v\/t39.30808-6\/574078961_1603943334420096_5909573659185772860_n.jpg?_nc_cat=105&amp;ccb=1-7&amp;_nc_sid=833d8c&amp;_nc_ohc=OtVITgQQoOgQ7kNvwFFJpx5&amp;_nc_oc=AdkJUay8_3sIvfIm4K3UcU8TvwUsj9z0Blf8PHVXf7x3qM1PDetGSIs-kEhN2qPkIS8&amp;_nc_zt=23&amp;_nc_ht=scontent.ftia5-1.fna&amp;_nc_gid=ZiXxS3_-0kcmiTKtDtGjTA&amp;oh=00_AffWNup6Vkfic-lxCPUMrS4-cxXMrXwk70C9cwamwVoWQA&amp;oe=690ADED0\" alt=\"Mund t\u00eb jet\u00eb nj\u00eb imazh i duke studiuar\" \/><\/p>\n<p><img decoding=\"async\" src=\"https:\/\/scontent.ftia5-1.fna.fbcdn.net\/v\/t39.30808-6\/572353555_1603943551086741_842306041152256045_n.jpg?_nc_cat=104&amp;ccb=1-7&amp;_nc_sid=833d8c&amp;_nc_ohc=cRxXbEaOLSoQ7kNvwFRFm3h&amp;_nc_oc=AdlL7hcu3RSP0zPzrsCdtPJgQQltcNfyP1cNoCVTXDkK3imTlT0bKmQ95eIz5iRTzSE&amp;_nc_zt=23&amp;_nc_ht=scontent.ftia5-1.fna&amp;_nc_gid=eEhqnxH1yjdbp5rP_Ucn8w&amp;oh=00_AfcjSQmVQleFM2XD8OaI-tSZipCQ_mRE4BO26rpYWNTkFQ&amp;oe=690AF4A7\" alt=\"Mund t\u00eb jet\u00eb nj\u00eb imazh i nj\u00eb ose m\u00eb shum\u00eb persona\" \/><\/p>\n<p><img decoding=\"async\" src=\"https:\/\/scontent.ftia5-1.fna.fbcdn.net\/v\/t39.30808-6\/573406744_1603943501086746_3935745121450149792_n.jpg?_nc_cat=108&amp;ccb=1-7&amp;_nc_sid=833d8c&amp;_nc_ohc=IjQabqGUtb4Q7kNvwGnpejx&amp;_nc_oc=AdmSLCpYKgtZ1lQavyyn1RBmgLSkQOrd8tkEo01YJFeqltwtOn1ILZLGwm60KOPOlNI&amp;_nc_zt=23&amp;_nc_ht=scontent.ftia5-1.fna&amp;_nc_gid=GI6__SKsLLvPwszZVvLiVw&amp;oh=00_AfchWv7Ow6-H1D_9wFyk8S9YzdmIQBR19IcHb8k2N7zz7w&amp;oe=690AEDF3\" alt=\"Mund t\u00eb jet\u00eb nj\u00eb imazh i nj\u00eb ose m\u00eb shum\u00eb persona, persona duke studiuar dhe Zyra Ovale\" \/><\/p>\n<p><img decoding=\"async\" src=\"https:\/\/scontent.ftia5-1.fna.fbcdn.net\/v\/t39.30808-6\/571435772_1603943327753430_4564323804804541592_n.jpg?_nc_cat=111&amp;ccb=1-7&amp;_nc_sid=833d8c&amp;_nc_ohc=gagZ-pCoF5wQ7kNvwGRql4T&amp;_nc_oc=AdnMt5NZ6jK02_Z2nHnl8Fht6WwwUnVOqTlbO_kjDY5yTnDmCJiImpe2ud0Cltwo5kk&amp;_nc_zt=23&amp;_nc_ht=scontent.ftia5-1.fna&amp;_nc_gid=3MWnZoe792yPerGxfF6jhA&amp;oh=00_Afd3ZjuMmqxv_UuZgEWeyflbkSMvrufY-59i8pGRk6fuEQ&amp;oe=690B0C74\" alt=\"Mund t\u00eb jet\u00eb nj\u00eb imazh i nj\u00eb ose m\u00eb shum\u00eb persona dhe persona duke studiuar\" \/><\/p>\n","protected":false},"excerpt":{"rendered":"<p>Kryetari i PD, Sali Berisha ka pritur n\u00eb nj\u00eb takim n\u00eb selin\u00eb e PD raporterin e PE p\u00ebr Shqip\u00ebrin\u00eb, Andreas Schieder dhe nj\u00eb grup gazetar\u00ebsh gjerman\u00eb e austriak\u00eb. Berisha shkruan se, gjat\u00eb nj\u00eb bisede t\u00eb hapur e t\u00eb ngroht\u00eb, i njoha miqt\u00eb me opresionin q\u00eb ushtrohet ndaj opozit\u00ebs n\u00eb Kuvend, moslejimin e interpelancave dhe ngritjen &hellip;<\/p>\n","protected":false},"author":4,"featured_media":127190,"comment_status":"closed","ping_status":"closed","sticky":false,"template":"","format":"standard","meta":{"footnotes":""},"categories":[37],"tags":[],"class_list":["post-127188","post","type-post","status-publish","format-standard","has-post-thumbnail","","category-politike"],"_links":{"self":[{"href":"https:\/\/rdnews.al\/index.php\/wp-json\/wp\/v2\/posts\/127188","targetHints":{"allow":["GET"]}}],"collection":[{"href":"https:\/\/rdnews.al\/index.php\/wp-json\/wp\/v2\/posts"}],"about":[{"href":"https:\/\/rdnews.al\/index.php\/wp-json\/wp\/v2\/types\/post"}],"author":[{"embeddable":true,"href":"https:\/\/rdnews.al\/index.php\/wp-json\/wp\/v2\/users\/4"}],"replies":[{"embeddable":true,"href":"https:\/\/rdnews.al\/index.php\/wp-json\/wp\/v2\/comments?post=127188"}],"version-history":[{"count":1,"href":"https:\/\/rdnews.al\/index.php\/wp-json\/wp\/v2\/posts\/127188\/revisions"}],"predecessor-version":[{"id":127191,"href":"https:\/\/rdnews.al\/index.php\/wp-json\/wp\/v2\/posts\/127188\/revisions\/127191"}],"wp:featuredmedia":[{"embeddable":true,"href":"https:\/\/rdnews.al\/index.php\/wp-json\/wp\/v2\/media\/127190"}],"wp:attachment":[{"href":"https:\/\/rdnews.al\/index.php\/wp-json\/wp\/v2\/media?parent=127188"}],"wp:term":[{"taxonomy":"category","embeddable":true,"href":"https:\/\/rdnews.al\/index.php\/wp-json\/wp\/v2\/categories?post=127188"},{"taxonomy":"post_tag","embeddable":true,"href":"https:\/\/rdnews.al\/index.php\/wp-json\/wp\/v2\/tags?post=127188"}],"curies":[{"name":"wp","href":"https:\/\/api.w.org\/{rel}","templated":true}]}}