{"id":127204,"date":"2025-11-01T11:21:02","date_gmt":"2025-11-01T11:21:02","guid":{"rendered":"https:\/\/rdnews.al\/?p=127204"},"modified":"2025-11-01T11:21:02","modified_gmt":"2025-11-01T11:21:02","slug":"vdekja-e-fatos-nanos-ishte-ngjarja-me-dinjitoze-e-te-premtes-se-zeze-te-rilindjes","status":"publish","type":"post","link":"https:\/\/rdnews.al\/index.php\/2025\/11\/01\/vdekja-e-fatos-nanos-ishte-ngjarja-me-dinjitoze-e-te-premtes-se-zeze-te-rilindjes\/","title":{"rendered":"Vdekja e Fatos Nanos ishte ngjarja m\u00eb dinjitoze e t\u00eb premtes s\u00eb zez\u00eb t\u00eb rilindjes!"},"content":{"rendered":"<div class=\"xdj266r x14z9mp xat24cr x1lziwak x1vvkbs x126k92a\">\n<div dir=\"auto\"><strong>Nga Bislim AHMETAJ<\/strong><\/div>\n<\/div>\n<div class=\"x14z9mp xat24cr x1lziwak x1vvkbs xtlvy1s x126k92a\">\n<div dir=\"auto\"><\/div>\n<div dir=\"auto\">E premtja e djeshme p\u00ebr t\u00eb majt\u00ebn shqiptare mund t\u00eb thuhet me plot goj\u00ebn q\u00eb ishte jo thjesht\u00eb e zez\u00eb, po nj\u00eb m\u00ebnxyr\u00eb e mbytur me ngjarje trondit\u00ebse dhe dramatike.<\/div>\n<div dir=\"auto\">N\u00eb or\u00ebn 10.00 u paraqit n\u00eb ambjentet e Gjykat\u00ebs Kushtetuese, me pranga n\u00eb duar kryetari i burgosur p\u00ebr korrupsion i bashkis\u00eb s\u00eb kryeqytetit, dikur krenaria e rilindjes, tashm\u00eb turpi i saj.<\/div>\n<\/div>\n<div class=\"x14z9mp xat24cr x1lziwak x1vvkbs xtlvy1s x126k92a\">\n<div dir=\"auto\">N\u00eb or\u00ebn 14.30 u njoftua nga familjar\u00ebt e tij vdekja e liderit socialist, ish kryeministrit Fatos Nano, i cili prej disa koh\u00ebsh vuante nga nj\u00eb s\u00ebmundje e r\u00ebnd\u00eb e m\u00ebl\u00e7is\u00eb s\u00eb cop\u00ebtuar nga p\u00ebrdorimi i shfrenuar i alkolit nd\u00ebr dekada.<\/div>\n<\/div>\n<div class=\"x14z9mp xat24cr x1lziwak x1vvkbs xtlvy1s x126k92a\">\n<div dir=\"auto\">Nd\u00ebrsa rreth or\u00ebs 15.15 minuta z\u00ebvend\u00ebsja e Kryeministrit prej pes\u00eb vitesh, u paraqit n\u00eb ambjentet e SPAK-ut, e thirrur nga prokuror\u00ebt special\u00eb p\u00ebr ti deklaruar asaj akuzat p\u00ebr korrupsion ul\u00ebrit\u00ebs.<\/div>\n<\/div>\n<div class=\"x14z9mp xat24cr x1lziwak x1vvkbs xtlvy1s x126k92a\">\n<div dir=\"auto\">Nd\u00ebrsa n\u00eb Gjykat\u00ebn Kushtetuese zhvillohej nj\u00eb nga varietet\u00eb m\u00eb t\u00eb sh\u00ebmtuara t\u00eb humorit vulgar t\u00eb k\u00ebtyre 35 viteve gjasme demokraci, ku avokat\u00ebt e Kryeministrit dhe t\u00eb Presidentit kukull mbronin para gjygjtareve t\u00eb shantazhuar dhe t\u00eb damkosur t\u00eb kushtetueses shkarkimin nga detyra t\u00eb Kryetarit t\u00eb Bashkis\u00eb.<\/div>\n<div dir=\"auto\">I cili prej n\u00ebnt\u00eb muajsh gj\u00ebndet n\u00eb paraburgim, i akuzuar p\u00ebr t\u00eb brendshmet e shtrenjta t\u00eb gruas s\u00eb tij dhe jo p\u00ebr inserenator\u00ebt dhe 5D. E shoqja e cila edhe vet \u00ebsht\u00eb e pandehur p\u00ebr afera korruptive, por prej disa muajsh marr\u00ebdhenja e tyre \u00ebsht\u00eb krisur dhe mbuluar me mistere dhe thashetheme kondradiktore.<\/div>\n<div dir=\"auto\">Veliaj ka ardhur vet p\u00ebr tu mbrojtur n\u00eb Kushtetuese, kund\u00ebr Kryeministrit dhe Presidentit t\u00eb vendit, pasi nga p\u00ebrvoja e k\u00ebtyre muajve, kur e l\u00ebshuan q\u00eb t\u00eb gjith\u00eb, e ka humbur besimin edhe tek avokat\u00ebt e tij, t\u00eb cil\u00ebt s&#8217;dihet se kush i paguan dhe sa paguhen.<\/div>\n<div dir=\"auto\">Goj\u00ebt e liga thon\u00eb q\u00eb edhe ata i ka b\u013aer\u00eb Edi Rama&#8230;<\/div>\n<\/div>\n<div class=\"x14z9mp xat24cr x1lziwak x1vvkbs xtlvy1s x126k92a\">\n<div dir=\"auto\">Bash kur grotesku n\u00eb kushtetuese po arrinte kulmin, n\u00eb ekranet e mediave informative u shfaq lajmi p\u00ebr vdekjen e Fatos Nanos, liderit liberal t\u00eb socialist\u00ebve.<\/div>\n<div dir=\"auto\">Kaq u desh q\u00eb t\u00eb derdheshin lum\u00eb mesazhet lavd\u00ebruese dhe hymnizuese p\u00ebr jet\u00ebn dhe vepr\u00ebn e Fatos Nanos, nga t\u00eb gjitha an\u00ebt e politik\u00ebs, nga gjithkush dhe kushdo.<\/div>\n<div dir=\"auto\">Pak a shum\u00eb i natyrsh\u00ebm ky rrebesh mesazhesh, jo vet\u00ebm si tradit\u00eb, por edhe p\u00ebr shkak t\u00eb karakterit kondravers dhe atipik t\u00eb lidershipit t\u00eb Fatos Nanos.<\/div>\n<\/div>\n<div class=\"x14z9mp xat24cr x1lziwak x1vvkbs xtlvy1s x126k92a\">\n<div dir=\"auto\">Rrebeshin e mesazheve ngush\u00eblluese do ta ngadal\u00ebsonte dhe ngrinte, paraqitja e Belinda Ballukut n\u00eb SPAK, s\u00eb bashku me motr\u00ebn e saj, e cila vet\u00ebm nj\u00eb dit\u00eb m\u00eb par\u00eb q\u00ebnka paisur me li\u00e7enc\u00eb avokatie dhe dit\u00ebn e t\u00eb premt\u00ebs s\u00eb zez\u00eb t\u00eb kampit roz\u00eb, paska marr\u00eb p\u00ebrsip\u00ebr t\u00eb mbronte t\u00eb motr\u00ebn z\u00ebvend\u00ebs Kryeminstre, p\u00ebr vjedhjet qindra milion dollar\u00ebshe p\u00ebr t\u00eb cilat akuzohet.<\/div>\n<div dir=\"auto\">Zgjedhja e motr\u00ebs si avokate e z\u00ebvend\u00ebs Kryeminstres sh\u00ebnon kulmin e munges\u00ebs s\u00eb besimit q\u00eb zonja Balluku ka tek avokat\u00ebt dhe zyrat e avokatis\u00eb, ajo e panikosur nga shp\u00ebrdorimi i degjeneruar i detyr\u00ebs dhe korrupsioni i shfrenuar i p\u00ebrmasave trondit\u00ebse nuk i beson m\u00eb askujt ve\u00e7 motr\u00ebs e cila ka vetinguar prokurorin e \u00e7eshtjes s\u00eb saj.<\/div>\n<\/div>\n<div class=\"x14z9mp xat24cr x1lziwak x1vvkbs xtlvy1s x126k92a\">\n<div dir=\"auto\">Nd\u00ebrsa n\u00eb t\u00eb nj\u00ebjt\u00ebn koh\u00eb q\u00eb Balluku gj\u00ebndej n\u00eb SPAK, shefi i saj Edi Rama ishte duke dh\u00ebn\u00eb nj\u00eb intervist\u00eb p\u00ebr nj\u00eb televizion francez, ku krekosej si gjel deti p\u00ebr DIELL\u00cbN e tij dixhitale dhe p\u00ebr shpejt\u00ebsin\u00eb e firmosjes s\u00eb grupkapitujve t\u00eb fundit n\u00eb procesin e integrimit t\u00eb Shqip\u00ebris\u00eb n\u00eb BE.<\/div>\n<\/div>\n<div class=\"x14z9mp xat24cr x1lziwak x1vvkbs xtlvy1s x126k92a\">\n<div dir=\"auto\">Po k\u00ebt\u00eb t\u00eb premte sterr\u00eb t\u00eb zez\u00eb p\u00ebr t\u00eb majt\u00ebn shqiptare, n\u00eb Prokurorin\u00eb e Juridiksionit t\u00eb P\u00ebrgjithsh\u00ebm t\u00eb Tiran\u00ebs merrej p\u00ebr kat\u00ebr or\u00eb n\u00eb pyetje biznesmeni dhe politikani i dyshimt\u00eb dhe dallkauk Behxhet Pacolli p\u00ebr nj\u00eb korrupsion shokues q\u00eb ka lidhje t\u00eb drejt\u00ebp\u00ebrdrejt\u00eb me Ballukun dhe Ram\u00ebn pik\u00ebrisht n\u00eb Aeroportin Nd\u00ebrkomb\u00ebtar t\u00eb Vlor\u00ebs.<\/div>\n<\/div>\n<div class=\"x14z9mp xat24cr x1lziwak x1vvkbs xtlvy1s x126k92a\">\n<div dir=\"auto\">Nd\u00ebr t\u00eb gjitha gj\u00ebmat dhe b\u00ebmat e k\u00ebsaj t\u00eb premtje t\u00eb zez\u00eb n\u00eb kampin roz\u00eb, pa pik\u00ebn e dyshimit ngjarja m\u00eb dinjitoze do t\u00eb mbetet vdekja e Fatos Nanos, liderit kar\u00eczmatik t\u00eb s\u00eb majt\u00ebs shqiptare.<\/div>\n<div dir=\"auto\">I cili pa asnj\u00eb ekuivok mbetet udh\u00ebheq\u00ebsi m\u00eb i mir\u00eb i asaj nd\u00ebrmarrje kriminale themeluar nga Dushan Mugosha dhe Miladin Popovi\u00e7i, nd\u00ebrmarrje q\u00eb i ka sjell\u00eb fatkeq\u00ebsi pa fund kombit shqiptar n\u00eb k\u00ebto 84 vite t\u00eb egzistenc\u00ebs s\u00eb saj.<\/div>\n<\/div>\n<div class=\"x14z9mp xat24cr x1lziwak x1vvkbs xtlvy1s x126k92a\">\n<div dir=\"auto\">Tiran\u00eb me 1 N\u00ebntor 2025.<\/div>\n<\/div>\n","protected":false},"excerpt":{"rendered":"<p>Nga Bislim AHMETAJ E premtja e djeshme p\u00ebr t\u00eb majt\u00ebn shqiptare mund t\u00eb thuhet me plot goj\u00ebn q\u00eb ishte jo thjesht\u00eb e zez\u00eb, po nj\u00eb m\u00ebnxyr\u00eb e mbytur me ngjarje trondit\u00ebse dhe dramatike. N\u00eb or\u00ebn 10.00 u paraqit n\u00eb ambjentet e Gjykat\u00ebs Kushtetuese, me pranga n\u00eb duar kryetari i burgosur p\u00ebr korrupsion i bashkis\u00eb s\u00eb &hellip;<\/p>\n","protected":false},"author":4,"featured_media":127205,"comment_status":"closed","ping_status":"closed","sticky":false,"template":"","format":"standard","meta":{"footnotes":""},"categories":[134],"tags":[],"class_list":["post-127204","post","type-post","status-publish","format-standard","has-post-thumbnail","","category-news"],"_links":{"self":[{"href":"https:\/\/rdnews.al\/index.php\/wp-json\/wp\/v2\/posts\/127204","targetHints":{"allow":["GET"]}}],"collection":[{"href":"https:\/\/rdnews.al\/index.php\/wp-json\/wp\/v2\/posts"}],"about":[{"href":"https:\/\/rdnews.al\/index.php\/wp-json\/wp\/v2\/types\/post"}],"author":[{"embeddable":true,"href":"https:\/\/rdnews.al\/index.php\/wp-json\/wp\/v2\/users\/4"}],"replies":[{"embeddable":true,"href":"https:\/\/rdnews.al\/index.php\/wp-json\/wp\/v2\/comments?post=127204"}],"version-history":[{"count":1,"href":"https:\/\/rdnews.al\/index.php\/wp-json\/wp\/v2\/posts\/127204\/revisions"}],"predecessor-version":[{"id":127206,"href":"https:\/\/rdnews.al\/index.php\/wp-json\/wp\/v2\/posts\/127204\/revisions\/127206"}],"wp:featuredmedia":[{"embeddable":true,"href":"https:\/\/rdnews.al\/index.php\/wp-json\/wp\/v2\/media\/127205"}],"wp:attachment":[{"href":"https:\/\/rdnews.al\/index.php\/wp-json\/wp\/v2\/media?parent=127204"}],"wp:term":[{"taxonomy":"category","embeddable":true,"href":"https:\/\/rdnews.al\/index.php\/wp-json\/wp\/v2\/categories?post=127204"},{"taxonomy":"post_tag","embeddable":true,"href":"https:\/\/rdnews.al\/index.php\/wp-json\/wp\/v2\/tags?post=127204"}],"curies":[{"name":"wp","href":"https:\/\/api.w.org\/{rel}","templated":true}]}}