{"id":127214,"date":"2025-11-01T17:36:56","date_gmt":"2025-11-01T17:36:56","guid":{"rendered":"https:\/\/rdnews.al\/?p=127214"},"modified":"2025-11-01T17:36:56","modified_gmt":"2025-11-01T17:36:56","slug":"anija-e-fundosur-dhe-rama-me-komardare-por-qe-po-mbytet","status":"publish","type":"post","link":"https:\/\/rdnews.al\/index.php\/2025\/11\/01\/anija-e-fundosur-dhe-rama-me-komardare-por-qe-po-mbytet\/","title":{"rendered":"Anija e fundosur dhe Rama me komardare, por q\u00eb po mbytet!"},"content":{"rendered":"<p class=\"TableParagraph\"><strong>Nga Petrit VASILI<\/strong><\/p>\n<p class=\"TableParagraph\">Anija e qeveris\u00eb s\u00eb Ram\u00ebs realisht \u00ebsht\u00eb fundosur.<\/p>\n<p class=\"TableParagraph\">Rama karrigen e kryeministrit e ka kthyer n\u00eb nj\u00eb komardare plazhi dhe mbahet me thonj derisa t\u00eb vij\u00eb momenti q\u00eb t&#8217;ja \u00e7pojn\u00eb dhe t\u00eb zhytet e t\u00eb mbytet edhe ai me t\u00eb tjer\u00ebt.<\/p>\n<p class=\"TableParagraph\">Rekorde m\u00eb t\u00eb err\u00ebta se kjo qeveri nuk kan\u00eb t\u00eb gjitha qeverit\u00eb e djathta dhe t\u00eb majta t\u00eb marra s\u00eb bashku.<br \/>\nZ. Kryeminist\u00ebr, nj\u00eb dyzin\u00eb ministra t\u00eb brendsh\u00ebm t\u00eb larguar si lecka, ministra t\u00eb tjer\u00eb, kryetar\u00eb bashkie q\u00eb nuk num\u00ebrohen e kushedi sa e sa t\u00eb tjer\u00eb grabitqar\u00eb t\u00eb niveleve t\u00eb tjera, ky \u00ebsht\u00eb &#8220;suksesi&#8221; m\u00eb i madh i Ram\u00ebs.<\/p>\n<p class=\"TableParagraph\">Praktikisht, kjo qeverisje \u00ebsht\u00eb kthyer n\u00eb nj\u00eb anije t\u00eb ndryshkur, krye krejt nga ato t\u00eb l\u00ebn\u00eb ter\u00ebsisht pas dore, ku njer\u00ebz t\u00eb rast\u00ebsish\u00ebm plot\u00ebsojn\u00eb nevojat biologjike mbi t\u00eb.<\/p>\n<p class=\"TableParagraph\">Tashm\u00eb i vetmi lajm q\u00eb ka mbetur \u00ebsht\u00eb kur do t\u00eb \u00e7pohet edhe komardarja e Ram\u00ebs.<\/p>\n<p class=\"TableParagraph\">Sepse kambanat bien vet\u00ebm p\u00ebr t\u00eb.<\/p>\n<p class=\"TableParagraph\">N\u00eb kaosin q\u00eb ka mb\u00ebrthyer vendin p\u00ebr shkak t\u00eb anijes s\u00eb ndryshkur qeveris\u00ebse ka vet\u00ebm nj\u00eb gj\u00eb shum\u00eb t\u00eb qart\u00eb: se radha e Ram\u00ebs ka ardhur dhe ai nuk e shmang dot m\u00eb.<\/p>\n<p class=\"TableParagraph\">Nuk ka m\u00eb pas kujt t\u00eb fshihet, sepse i shiti t\u00eb gjith\u00eb dhe nuk ka m\u00eb \u00e7&#8217;t\u00eb shes\u00eb, p\u00ebrve\u00e7 ca hi\u00e7ave pa vler\u00eb q\u00eb kan\u00eb mbetur n\u00eb qeveri.<\/p>\n<p class=\"TableParagraph\">Komardarja, q\u00eb e ai e fryn me votat e coftinave n\u00eb Kuvend, nuk e mban dot m\u00eb pesh\u00ebn e fajeve dhe p\u00ebrgjegj\u00ebsive shum\u00eb t\u00eb r\u00ebnda dhe tep\u00ebr t\u00eb m\u00ebdha.<\/p>\n<p class=\"TableParagraph\">Komardarja nuk e mban dot m\u00eb Ram\u00ebn, sepse nj\u00eb kryeminist\u00ebr duhet t\u00eb drejtoj\u00eb nj\u00eb anije si qeveria dhe jo nj\u00eb komardare plazhi, q\u00eb u sh\u00ebrben vet\u00ebm f\u00ebmij\u00ebve q\u00eb nuk din\u00eb not.<\/p>\n<p class=\"TableParagraph\">Shp\u00ebtojeni Ram\u00ebn nga komardarja n\u00eb m\u00ebnyr\u00eb q\u00eb, ashtu si\u00e7 ai vet\u00eb thot\u00eb, drejt\u00ebsia t\u00eb b\u00ebj\u00eb pun\u00ebn e vet edhe mbi t\u00eb, sepse edhe k\u00ebshtu \u00ebsht\u00eb shum\u00eb von\u00eb.<\/p>\n<p class=\"TableParagraph\">Tashm\u00eb mbytja \u00ebsht\u00eb e pashmangshme dhe komardarja nuk e mban dot m\u00eb pesh\u00ebn e zullumit.<\/p>\n<p class=\"TableParagraph\">Rama nuk e mban dot m\u00eb Ram\u00ebn.<\/p>\n","protected":false},"excerpt":{"rendered":"<p>Nga Petrit VASILI Anija e qeveris\u00eb s\u00eb Ram\u00ebs realisht \u00ebsht\u00eb fundosur. Rama karrigen e kryeministrit e ka kthyer n\u00eb nj\u00eb komardare plazhi dhe mbahet me thonj derisa t\u00eb vij\u00eb momenti q\u00eb t&#8217;ja \u00e7pojn\u00eb dhe t\u00eb zhytet e t\u00eb mbytet edhe ai me t\u00eb tjer\u00ebt. Rekorde m\u00eb t\u00eb err\u00ebta se kjo qeveri nuk kan\u00eb t\u00eb gjitha &hellip;<\/p>\n","protected":false},"author":4,"featured_media":126357,"comment_status":"closed","ping_status":"closed","sticky":false,"template":"","format":"standard","meta":{"footnotes":""},"categories":[44],"tags":[],"class_list":["post-127214","post","type-post","status-publish","format-standard","has-post-thumbnail","","category-editorial"],"_links":{"self":[{"href":"https:\/\/rdnews.al\/index.php\/wp-json\/wp\/v2\/posts\/127214","targetHints":{"allow":["GET"]}}],"collection":[{"href":"https:\/\/rdnews.al\/index.php\/wp-json\/wp\/v2\/posts"}],"about":[{"href":"https:\/\/rdnews.al\/index.php\/wp-json\/wp\/v2\/types\/post"}],"author":[{"embeddable":true,"href":"https:\/\/rdnews.al\/index.php\/wp-json\/wp\/v2\/users\/4"}],"replies":[{"embeddable":true,"href":"https:\/\/rdnews.al\/index.php\/wp-json\/wp\/v2\/comments?post=127214"}],"version-history":[{"count":1,"href":"https:\/\/rdnews.al\/index.php\/wp-json\/wp\/v2\/posts\/127214\/revisions"}],"predecessor-version":[{"id":127215,"href":"https:\/\/rdnews.al\/index.php\/wp-json\/wp\/v2\/posts\/127214\/revisions\/127215"}],"wp:featuredmedia":[{"embeddable":true,"href":"https:\/\/rdnews.al\/index.php\/wp-json\/wp\/v2\/media\/126357"}],"wp:attachment":[{"href":"https:\/\/rdnews.al\/index.php\/wp-json\/wp\/v2\/media?parent=127214"}],"wp:term":[{"taxonomy":"category","embeddable":true,"href":"https:\/\/rdnews.al\/index.php\/wp-json\/wp\/v2\/categories?post=127214"},{"taxonomy":"post_tag","embeddable":true,"href":"https:\/\/rdnews.al\/index.php\/wp-json\/wp\/v2\/tags?post=127214"}],"curies":[{"name":"wp","href":"https:\/\/api.w.org\/{rel}","templated":true}]}}