{"id":127220,"date":"2025-11-01T18:44:29","date_gmt":"2025-11-01T18:44:29","guid":{"rendered":"https:\/\/rdnews.al\/?p=127220"},"modified":"2025-11-01T18:44:29","modified_gmt":"2025-11-01T18:44:29","slug":"kryeministri-kanadez-i-kerkon-falje-presidentit-trump","status":"publish","type":"post","link":"https:\/\/rdnews.al\/index.php\/2025\/11\/01\/kryeministri-kanadez-i-kerkon-falje-presidentit-trump\/","title":{"rendered":"Kryeministri kanadez i k\u00ebrkon falje Presidentit Trump"},"content":{"rendered":"<p>Kryeministri kanadez Mark Carney i ka k\u00ebrkuar falje Donald Trump p\u00ebr nj\u00eb reklam\u00eb anti-tarifore q\u00eb p\u00ebrmbante nj\u00eb klip t\u00eb Ronald Reagan.<\/p>\n<p>Duke folur n\u00eb samitin e Azi-Paq\u00ebsorit n\u00eb Koren\u00eb e Jugut, ai tha gjithashtu se e kishte shqyrtuar reklam\u00ebn dhe i kishte th\u00ebn\u00eb kryeministrit t\u00eb Ontarios, Doug Ford, q\u00eb t\u00eb mos e transmetonte at\u00eb.<\/p>\n<p>&#8220;I k\u00ebrkova falje presidentit&#8221;, tha Carney, duke konfirmuar komentet e m\u00ebparshme t\u00eb b\u00ebra nga presidenti amerikan.<\/p>\n<p>&#8220;I thash\u00eb Ford se nuk doja ta vazhdoja reklam\u00ebn&#8221;, shtoi ai.<\/p>\n<p>Biseda private me Trumpin ndodhi n\u00eb nj\u00eb dark\u00eb t\u00eb organizuar nga presidenti i Kores\u00eb s\u00eb Jugut t\u00eb m\u00ebrkur\u00ebn.<\/p>\n<p>Reklama, e porositur nga Ford, p\u00ebrfshinte nj\u00eb citat nga ish-presidenti republikan Ronald Reagan, i cili thoshte se tarifat shkaktojn\u00eb luft\u00ebra tregtare dhe katastrof\u00eb ekonomike.<\/p>\n<p>Trump tha se reklama ishte mashtruese dhe, n\u00eb p\u00ebrgjigje, njoftoi se po rriste tarifat p\u00ebr mallrat nga Kanadaja dhe po ndalonte bisedimet tregtare me Kanadan\u00eb.<\/p>\n<p>&#8220;P\u00ebr shkak t\u00eb keqinterpretimit serioz t\u00eb fakteve dhe aktit armiq\u00ebsor, un\u00eb po e rris tarif\u00ebn ndaj Kanadas\u00eb me 10%&#8221;.<\/p>\n","protected":false},"excerpt":{"rendered":"<p>Kryeministri kanadez Mark Carney i ka k\u00ebrkuar falje Donald Trump p\u00ebr nj\u00eb reklam\u00eb anti-tarifore q\u00eb p\u00ebrmbante nj\u00eb klip t\u00eb Ronald Reagan. Duke folur n\u00eb samitin e Azi-Paq\u00ebsorit n\u00eb Koren\u00eb e Jugut, ai tha gjithashtu se e kishte shqyrtuar reklam\u00ebn dhe i kishte th\u00ebn\u00eb kryeministrit t\u00eb Ontarios, Doug Ford, q\u00eb t\u00eb mos e transmetonte at\u00eb. &#8220;I &hellip;<\/p>\n","protected":false},"author":4,"featured_media":127221,"comment_status":"closed","ping_status":"closed","sticky":false,"template":"","format":"standard","meta":{"footnotes":""},"categories":[38],"tags":[],"class_list":["post-127220","post","type-post","status-publish","format-standard","has-post-thumbnail","","category-bota"],"_links":{"self":[{"href":"https:\/\/rdnews.al\/index.php\/wp-json\/wp\/v2\/posts\/127220","targetHints":{"allow":["GET"]}}],"collection":[{"href":"https:\/\/rdnews.al\/index.php\/wp-json\/wp\/v2\/posts"}],"about":[{"href":"https:\/\/rdnews.al\/index.php\/wp-json\/wp\/v2\/types\/post"}],"author":[{"embeddable":true,"href":"https:\/\/rdnews.al\/index.php\/wp-json\/wp\/v2\/users\/4"}],"replies":[{"embeddable":true,"href":"https:\/\/rdnews.al\/index.php\/wp-json\/wp\/v2\/comments?post=127220"}],"version-history":[{"count":1,"href":"https:\/\/rdnews.al\/index.php\/wp-json\/wp\/v2\/posts\/127220\/revisions"}],"predecessor-version":[{"id":127222,"href":"https:\/\/rdnews.al\/index.php\/wp-json\/wp\/v2\/posts\/127220\/revisions\/127222"}],"wp:featuredmedia":[{"embeddable":true,"href":"https:\/\/rdnews.al\/index.php\/wp-json\/wp\/v2\/media\/127221"}],"wp:attachment":[{"href":"https:\/\/rdnews.al\/index.php\/wp-json\/wp\/v2\/media?parent=127220"}],"wp:term":[{"taxonomy":"category","embeddable":true,"href":"https:\/\/rdnews.al\/index.php\/wp-json\/wp\/v2\/categories?post=127220"},{"taxonomy":"post_tag","embeddable":true,"href":"https:\/\/rdnews.al\/index.php\/wp-json\/wp\/v2\/tags?post=127220"}],"curies":[{"name":"wp","href":"https:\/\/api.w.org\/{rel}","templated":true}]}}